{"provider_url": "https://www.natercia.mg.leg.br", "title": "Estrutura Organizacional", "html": "<p style=\"text-align: center; \"><img src=\"https://www.natercia.mg.leg.br/institucional/imagens/Organograma.png/@@images/020fb37f-9ee3-4ab6-a410-71ac0b24e095.png\" alt=\"\" class=\"image-inline\" title=\"\" /></p>\r\n<h2 style=\"text-align: center; \"><strong>ESTRUTURA ORGANIZACIONAL</strong></h2>\r\n<p style=\"text-align: justify; \"><strong><br /></strong></p>\r\n<h3 style=\"text-align: justify; \"><b>PLEN\u00c1RIO E MESA DIRETORA</b></h3>\r\n<ul style=\"text-align: justify; \">\r\n<li><b>Composi\u00e7\u00e3o:</b></li>\r\n</ul>\r\n<p style=\"text-align: justify; \"><b>Presidente</b></p>\r\n<p style=\"text-align: justify; \"><span>Brenno Henrique Carnutes Alves</span>\u00a0\u2013 Presidente 2026</p>\r\n<p style=\"text-align: justify; \"><b>Vice-Presidente</b></p>\r\n<p style=\"text-align: justify; \"><span>Fl\u00e1via Tamara do Vale Carvalho</span>\u00a0\u2013 Vice-Presidente 2026</p>\r\n<p style=\"text-align: justify; \"><b>Secret\u00e1rio</b></p>\r\n<p style=\"text-align: justify; \"><span>Gerson de Lima</span>\u00a0\u2013 Secret\u00e1rio 2026</p>\r\n<p style=\"text-align: justify; \"><b>Vereadores</b></p>\r\n<p style=\"text-align: justify; \">Parlamentares da legislatura 2025 \u00e0 2028:</p>\r\n<p style=\"text-align: justify; \">Ant\u00f4nio Noel de Souza</p>\r\n<p style=\"text-align: justify; \"><span>Cristiano Ant\u00f4nio Caetano Junho</span></p>\r\n<p style=\"text-align: justify; \">Fabiana Aparecida dos Reis Borelli</p>\r\n<p style=\"text-align: justify; \">Geovana Maria Teixeira dos Santos</p>\r\n<p style=\"text-align: justify; \"><span>Saulo R\u00e9gis de Vilas B\u00f4as</span></p>\r\n<p style=\"text-align: justify; \"><span><span>Wilson Val\u00e9rio Bernardes Costa</span></span></p>\r\n<ul style=\"text-align: justify; \">\r\n<li>\u00a0<b>Compet\u00eancias:</b></li>\r\n</ul>\r\n<p style=\"text-align: justify; \">De acordo com o <a title=\"\" href=\"https://www.natercia.mg.leg.br/institucional/regimento-interno\" class=\"external-link\" target=\"_self\">Regimento Interno da C\u00e2mara Municipal</a>:</p>\r\n<p style=\"text-align: justify; \"><b>Compete ao Vereador:</b></p>\r\n<p style=\"text-align: justify; \">I - Participar de todas as discuss\u00f5es e delibera\u00e7\u00f5es do Plen\u00e1rio;</p>\r\n<p style=\"text-align: justify; \">II - Votar na elei\u00e7\u00e3o da mesa e das Comiss\u00f5es permanentes;</p>\r\n<p style=\"text-align: justify; \">III - Apresentar proposi\u00e7\u00f5es que visem ao interesse coletivo;</p>\r\n<p style=\"text-align: justify; \">IV - Concorrer aos cargos da mesa e das comiss\u00f5es;</p>\r\n<p style=\"text-align: justify; \">V - Usar da palavra em defesa ou em oposi\u00e7\u00e3o \u00e0s proposi\u00e7\u00f5es apresentadas a delibera\u00e7\u00e3o do plen\u00e1rio;</p>\r\n<p style=\"text-align: justify; \">VI - Convocar reuni\u00f5es extraordin\u00e1rias da C\u00e2mara, na forma deste Regimento.</p>\r\n<p style=\"text-align: justify; \"><b>Compete \u00e0\u00a0Mesa</b><span>\u00a0</span><b>Diretora:</b></p>\r\n<p style=\"text-align: justify; \">I - Propor privativamente \u00e0 C\u00e2mara a cria\u00e7\u00e3o de cargos e fun\u00e7\u00f5es necess\u00e1rias aos seus servi\u00e7os administrativos, assim como a fixa\u00e7\u00e3o dos respectivos vencimentos;</p>\r\n<p style=\"text-align: justify; \">II - Propor cr\u00e9ditos e verbas necess\u00e1rios ao funcionamento da C\u00e2mara e de seus servi\u00e7os;</p>\r\n<p style=\"text-align: justify; \">III - Tomar provid\u00eancias necess\u00e1rias \u00e0 regularidade dos trabalhos legislativos;</p>\r\n<p style=\"text-align: justify; \">IV - Propor altera\u00e7\u00f5es do Regimento Interno da C\u00e2mara;</p>\r\n<p style=\"text-align: justify; \">V - Encaminhar as contas anuais da Mesa ao Tribunal competente ou \u00f3rg\u00e3o estadual incumbido de tal fim;</p>\r\n<p style=\"text-align: justify; \">VI - Orientar os servi\u00e7os administrativos da C\u00e2mara e elaborar o seu Regimento.</p>\r\n<p style=\"text-align: justify; \"><b>Compete ao Presidente:</b></p>\r\n<p style=\"text-align: justify; \">I - Representar a C\u00e2mara em Ju\u00edzo e perante as autoridades constitu\u00eddas;</p>\r\n<p style=\"text-align: justify; \">II - Dar posse aos Vereadores que n\u00e3o foram empossados no 1\u00ba (primeiro) dia da legislatura e aos suplentes de Vereadores, presidir a sess\u00e3o de elei\u00e7\u00e3o da Mesa do per\u00edodo legislativo seguinte e dar-lhe posse;</p>\r\n<p style=\"text-align: justify; \">III - Promulgar as Resolu\u00e7\u00f5es da C\u00e2mara;</p>\r\n<p style=\"text-align: justify; \">IV - Promulgar as leis n\u00e3o sancionadas nem vetadas pelo prefeito, no prazo legal;</p>\r\n<p style=\"text-align: justify; \">V - Promulgar as leis vetadas pelo Prefeito e n\u00e3o sancionadas e que hajam sido confirmadas pela C\u00e2mara;</p>\r\n<p style=\"text-align: justify; \">VI - Encaminhar ao Prefeito as proposi\u00e7\u00f5es decididas pela C\u00e2mara ou que necessitem de informa\u00e7\u00f5es;</p>\r\n<p style=\"text-align: justify; \">VII - Assinar a correspond\u00eancia oficial sobre assuntos afetos \u00e0 C\u00e2mara;</p>\r\n<p style=\"text-align: justify; \">VIII - Apresentar relat\u00f3rio dos trabalhos da C\u00e2mara no fim da \u00faltima reuni\u00e3o ordin\u00e1ria do ano;</p>\r\n<p style=\"text-align: justify; \">IX - Prestar contas anualmente, de sua administra\u00e7\u00e3o;</p>\r\n<p style=\"text-align: justify; \">X - Superintender os servi\u00e7os administrativos da C\u00e2mara, autorizando as despesas, dentro dos limites do or\u00e7amento;</p>\r\n<p style=\"text-align: justify; \">XI - Interpretar e fazer cumprir o Regimento Interno;</p>\r\n<p style=\"text-align: justify; \">XII - Designar a Ordem do dia das reuni\u00f5es e retirar mat\u00e9ria da pauta para o cumprimento de despacho, corre\u00e7\u00e3o de erro ou comiss\u00e3o;</p>\r\n<p style=\"text-align: justify; \">XIII - Impugnar as proposi\u00e7\u00f5es que lhe pare\u00e7am contr\u00e1rias \u00e0 Constitui\u00e7\u00e3o, a esta lei e ao Regimento, ressalvado ao autor e recurso ao plen\u00e1rio;</p>\r\n<p style=\"text-align: justify; \">XIV - Decidir as quest\u00f5es de ordem;</p>\r\n<p style=\"text-align: justify; \">XV - Comunicar ao Tribunal Regional Eleitoral a ocorr\u00eancia de vaga de vereador, quando n\u00e3o haja suplente;</p>\r\n<p style=\"text-align: justify; \">XVI - Propor ao Plen\u00e1rio a indica\u00e7\u00e3o de Vereador para desempenhar miss\u00e3o tempor\u00e1ria de car\u00e1ter representativo, social ou cultural;</p>\r\n<p style=\"text-align: justify; \">XVII - Promover a publica\u00e7\u00e3o ou divulga\u00e7\u00e3o de mat\u00e9ria de interesse da C\u00e2mara;</p>\r\n<p style=\"text-align: justify; \">XVIII - Requisitar recursos financeiros para as despesas da C\u00e2mara;</p>\r\n<p style=\"text-align: justify; \">XIX - Nomear, exonerar, aposentar, promover e conceder licen\u00e7a aos servidores da C\u00e2mara, na forma da lei;</p>\r\n<p style=\"text-align: justify; \">XX - Manter a ordem no recinto da C\u00e2mara, podendo solicitar o aux\u00edlio da Pol\u00edcia Militar, quando necess\u00e1rio;</p>\r\n<p style=\"text-align: justify; \">XXI - Declarar a extin\u00e7\u00e3o do mandato do vereador, nos casos previstos em lei;</p>\r\n<p style=\"text-align: justify; \">XXII - Convocar reuni\u00f5es extraordin\u00e1rias, na forma da Lei Org\u00e2nica e deste Regimento.</p>\r\n<p style=\"text-align: justify; \"><b>Compete ao Vice-Presidente:</b></p>\r\n<p style=\"text-align: justify; \">N\u00e3o se achando o Presidente no recinto \u00e0 hora regimental de in\u00edcio dos trabalhos, o Vice-Presidente o substitui no exerc\u00edcio de suas fun\u00e7\u00f5es, as quais ele assumir\u00e1 logo que estiver presente.</p>\r\n<p style=\"text-align: justify; \">A substitui\u00e7\u00e3o a que se refere o artigo se d\u00e1, igualmente, em todos os casos de aus\u00eancia, falta, impedimento ou licen\u00e7a do Presidente.</p>\r\n<p style=\"text-align: justify; \">Sempre que a aus\u00eancia ou o impedimento tenha dura\u00e7\u00e3o superior a 10 (dez) dias, a substitui\u00e7\u00e3o se far\u00e1 em todas as atribui\u00e7\u00f5es do titular do cargo.</p>\r\n<p style=\"text-align: justify; \"><b>Compete ao Secret\u00e1rio:</b></p>\r\n<p style=\"text-align: justify; \">I - Verificar e declarar a presen\u00e7a dos Vereadores pelo livro pr\u00f3prio, ou fazer a chamada, nos casos previstos neste Regimento;</p>\r\n<p style=\"text-align: justify; \">II - Proceder \u00e0 leitura da Ata e do Expediente;</p>\r\n<p style=\"text-align: justify; \">III - Assinar, depois do Presidente, as proposi\u00e7\u00f5es, as Resolu\u00e7\u00f5es e as atas da C\u00e2mara, determinando a publica\u00e7\u00e3o do resumo das \u00faltimas, na imprensa local ou afixando\u2013as em edital, no lugar de costume sob pena de responsabilidade;</p>\r\n<p style=\"text-align: justify; \">IV - Superintender a reda\u00e7\u00e3o da ata, resumindo os trabalhos da Sess\u00e3o, e assina-las juntamente com o Presidente;</p>\r\n<p style=\"text-align: justify; \">V - Redigir e transcrever as atas da sess\u00e3o secreta;</p>\r\n<p style=\"text-align: justify; \">VI - Fazer recolher e guardar, em boa ordem, os projetos e suas emendas, indica\u00e7\u00f5es, requerimentos, representa\u00e7\u00f5es, mo\u00e7\u00f5es e pareceres das comiss\u00f5es, para o fim de serem apresentadas quando necess\u00e1rio;</p>\r\n<p style=\"text-align: justify; \">VII - Abrir e encerrar o livro de presen\u00e7a que ficar\u00e1 sob sua guarda;</p>\r\n<p style=\"text-align: justify; \">VIII - Abrir, numerar, rubricar e encerar livros destinados aos servi\u00e7os da C\u00e2mara.</p>\r\n<p style=\"text-align: justify; \">\u00a0</p>\r\n<h3 style=\"text-align: justify; \"><b>ASSESSORIA JUR\u00cdDICA LEGISLATIVA</b></h3>\r\n<ul style=\"text-align: justify; \">\r\n<li><b>Respons\u00e1vel:</b> Wilson Roberto da Silva</li>\r\n<li><b>Compet\u00eancia sum\u00e1ria</b>, de acordo com a <a class=\"external-link\" href=\"https://sapl.natercia.mg.leg.br/media/sapl/public/normajuridica/2013/192/192_texto_integral.pdf\" target=\"_self\" title=\"\">Lei Complementar n\u00ba 31/2013</a>: Assessorar a C\u00e2mara Municipal na parte legislativa jur\u00eddica.</li>\r\n</ul>\r\n<p style=\"text-align: justify; \"><b>\u00a0</b></p>\r\n<h3 style=\"text-align: justify; \"><b>SALA DE REUNI\u00d5ES</b></h3>\r\n<ul style=\"text-align: justify; \">\r\n<li><b>Composi\u00e7\u00e3o:</b></li>\r\n</ul>\r\n<p style=\"text-align: justify; \"><b>Comiss\u00e3o de Legisla\u00e7\u00e3o, Justi\u00e7a e Reda\u00e7\u00e3o</b></p>\r\n<p style=\"text-align: justify; \">Ant\u00f4nio Noel de Souza \u2013 Presidente 2026</p>\r\n<p style=\"text-align: justify; \">Geovana Maria Teixeira dos Santos \u2013 Secret\u00e1ria 2026</p>\r\n<p style=\"text-align: justify; \">Gerson de Lima \u2013 Membro 2026</p>\r\n<p style=\"text-align: justify; \"><b>Comiss\u00e3o de Finan\u00e7as, Or\u00e7amento e Tomada de Contas</b></p>\r\n<p style=\"text-align: justify; \">Fl\u00e1via Tamara do Vale Carvalho \u2013 Presidente 2026</p>\r\n<p style=\"text-align: justify; \">Fabiana Aparecida dos Reis Borelli \u2013 Secret\u00e1ria 2026</p>\r\n<p style=\"text-align: justify; \">Cristiano Ant\u00f4nio Caetano Junho \u2013 Membro 2026</p>\r\n<p style=\"text-align: justify; \"><b>Comiss\u00e3o de Servi\u00e7os P\u00fablicos Municipais</b></p>\r\n<p style=\"text-align: justify; \">Wilson Val\u00e9rio Bernardes Costa \u2013 Presidente 2026</p>\r\n<p style=\"text-align: justify; \">Saulo R\u00e9gis de Vilas B\u00f4as \u2013 Secret\u00e1rio 2026</p>\r\n<p style=\"text-align: justify; \"><span>Ant\u00f4nio Noel de Souza</span>\u00a0\u2013 Membro 2026</p>\r\n<ul style=\"text-align: justify; \">\r\n<li><b>Compet\u00eancias:</b></li>\r\n</ul>\r\n<p style=\"text-align: justify; \">De acordo com o <a title=\"\" href=\"https://www.natercia.mg.leg.br/institucional/regimento-interno\" class=\"external-link\" target=\"_self\">Regimento Interno da C\u00e2mara Municipal</a>:</p>\r\n<p style=\"text-align: justify; \">As Comiss\u00f5es t\u00eam por finalidade estudar e emitir parecer sobre os assuntos submetidos a seu exame e exerc\u00edcio, no dom\u00ednio de sua compet\u00eancia, da fiscaliza\u00e7\u00e3o dos atos do executivo e da administra\u00e7\u00e3o indireta.</p>\r\n<p style=\"text-align: justify; \"><b>Compete \u00e0 Comiss\u00e3o de Justi\u00e7a e Reda\u00e7\u00e3o</b> manifestar-se sobre todos os assuntos entregues \u00e0 sua aprecia\u00e7\u00e3o, quanto ao seu aspecto constitucional, legal ou jur\u00eddico e quanto ao seu aspecto gramatical e l\u00f3gico, quando solicitado o seu parecer por imposi\u00e7\u00e3o regimental ou por delibera\u00e7\u00e3o do plen\u00e1rio.</p>\r\n<p style=\"text-align: justify; \"><b>Compete \u00e0 Comiss\u00e3o de Finan\u00e7as, Or\u00e7amento e Tomadas de Contas</b> manifestar-se sobre a mat\u00e9ria financeira, tribut\u00e1ria e or\u00e7ament\u00e1ria, bem como sobre as contas do Prefeito, fiscalizando a execu\u00e7\u00e3o or\u00e7ament\u00e1ria.</p>\r\n<p style=\"text-align: justify; \"><b>Compete \u00e0 Comiss\u00e3o de Servi\u00e7os P\u00fablicos Municipais</b> manifestar-se sobre toda a mat\u00e9ria que envolva assuntos de sa\u00fade, saneamento, cultura e esporte, inclusive sobre assuntos atinentes ao funcionalismo municipal. Compete-lhe, ainda, a fiscaliza\u00e7\u00e3o do funcionamento dos servi\u00e7os p\u00fablicos municipais e da constru\u00e7\u00e3o de obras p\u00fablicas.</p>\r\n<p style=\"text-align: justify; \">\u00a0</p>\r\n<h3 style=\"text-align: justify; \"><b>DEPARTAMENTO ADMINISTRATIVO E LEGISLATIVO</b></h3>\r\n<ul style=\"text-align: justify; \">\r\n<li><b>Respons\u00e1vel:</b> Adriana de C\u00e1sia Alves dos Santos<b></b></li>\r\n<li><b>Compet\u00eancia sum\u00e1ria</b>, de acordo com a <a class=\"external-link\" href=\"https://sapl.natercia.mg.leg.br/media/sapl/public/normajuridica/2021/1621/lei_complementar_50-2021.pdf\" target=\"_self\" title=\"\">Lei Complementar n\u00ba 50/2021:</a> Planeja, coordena e controla as atividades administrativas da C\u00e2mara Municipal.<b></b></li>\r\n</ul>\r\n<p style=\"text-align: justify; \">\u00a0</p>\r\n<h3 style=\"text-align: justify; \"><b>DEPARTAMENTO DE FINAN\u00c7AS E CONTABILIDADE</b></h3>\r\n<ul style=\"text-align: justify; \">\r\n<li><b>Respons\u00e1vel:</b> Moacir Ferreira Borelli<b></b></li>\r\n<li><b>Compet\u00eancia sum\u00e1ria</b>, de acordo com a <a class=\"external-link\" href=\"https://sapl.natercia.mg.leg.br/media/sapl/public/normajuridica/2021/1621/lei_complementar_50-2021.pdf\" target=\"_self\" title=\"\">Lei Complementar n\u00ba 50/2021</a>: Planeja, coordena e controla atividades financeiras da C\u00e2mara Municipal.</li>\r\n</ul>\r\n<p style=\"text-align: justify; \"><b>\u00a0</b></p>\r\n<h3 style=\"text-align: justify; \"><b>CONTROLE INTERNO</b></h3>\r\n<ul>\r\n<li style=\"text-align: justify; \"><b>Respons\u00e1vel:</b> Ana Fl\u00e1via Silva de Vilas B\u00f4as<b></b></li>\r\n<li style=\"text-align: justify; \"><b>Compet\u00eancia sum\u00e1ria</b>, de acordo com a <a class=\"external-link\" href=\"https://sapl.natercia.mg.leg.br/media/sapl/public/normajuridica/2021/1621/lei_complementar_50-2021.pdf\" target=\"_self\" title=\"\">Lei Complementar n\u00ba 50/2021</a>:<b>\u00a0</b>Assessora a presid\u00eancia da C\u00e2mara Municipal relativamente \u00e0s atividades de fiscaliza\u00e7\u00e3o or\u00e7ament\u00e1ria, cont\u00e1bil, financeira, operacional e patrimonial da C\u00e2mara Municipal, inclusive na an\u00e1lise e avalia\u00e7\u00e3o e implementa\u00e7\u00e3o de recomenda\u00e7\u00f5es t\u00e9cnicas emanadas dos Tribunais de Contas do Estado de Minas Gerais e da Uni\u00e3o.<b></b></li>\r\n</ul>", "author_name": "", "version": "1.0", "author_url": "https://www.natercia.mg.leg.br/author/nat", "provider_name": " C\u00e2mara Municipal de Nat\u00e9rcia - MG", "type": "rich"}