{"provider_url": "https://www.natercia.mg.leg.br", "title": "Bras\u00e3o", "html": "<p>\u00a0 \u00a0 \u00a0 \u00a0 \u00a0 \u00a0 \u00a0 \u00a0 \u00a0 \u00a0 \u00a0 \u00a0 \u00a0 \u00a0 \u00a0 \u00a0 \u00a0 \u00a0 \u00a0<img src=\"https://www.natercia.mg.leg.br/imagens/brasao/BrasodoMunicpio.jpg/@@images/f5a7ee19-6600-4042-ae91-c9800cd4a821.jpeg\" alt=\"Bras\u00e3o do Munic\u00edpio\" class=\"image-inline\" title=\"Bras\u00e3o do Munic\u00edpio\" /></p>\r\n<p class=\" \" style=\"text-align: justify; \">Bras\u00e3o Portugu\u00eas, tendo em campo vermelho uma roda de navalhas de ferro, estilizada na cor preta, com 8 raios. Em \u201cchefe\u201d duas palmas em preto.</p>\r\n<p class=\" \" style=\"text-align: justify; \">Como ornatos externos, a coroa mural de prata, com 5 (cinco) torres, listel em vermelho onde se l\u00ea: 07/09/1923 \u2013 CATERINA \u2013 1.740, em algarismos e letras pretas. Ladeando o bras\u00e3o 2 (dois) p\u00e9s de milho, \u00e0 esquerda e 1 (um) p\u00e9 de caf\u00e9, \u00e0 direita.</p>\r\n<p class=\" \" style=\"text-align: justify; \"><span>\u00a0 \u00a0 \u00a0\u00a0</span></p>\r\n<p class=\" \" style=\"text-align: justify; \"><span>Justificativa:</span></p>\r\n<p class=\" \" style=\"text-align: justify; \">A cor vermelha no Bras\u00e3o indica que a Padroeira foi m\u00e1rtir, o que tamb\u00e9m \u00e9 indicado pelas palmas do mart\u00edrio. A roda de navalhas indica o supl\u00edcio ordenado pelo Imperador Max\u00eancio \u00e0 Santa Catarina e\u00a0 as letras no listel indicam o seu nome, CATERINA, uma grafia em que as letras foram usadas na forma\u00e7\u00e3o do anagrama NAT\u00c9RCIA.</p>\r\n<p class=\" \" style=\"text-align: justify; \">As datas 07/09/1923 e 1740 indicam a data em que o Distrito foi elevado a categoria de cidade pela Lei Estadual n.\u00ba 843/23 e a \u00e9poca do povoamento do lugar, respectivamente. A coroa mural indica a autonomia do munic\u00edpio.</p>\r\n<p class=\" \" style=\"text-align: justify; \">O cafeeiro e o milho lembram as principais riquezas do Munic\u00edpio.</p>\r\n<p class=\" \" style=\"text-align: justify; \">\u00a0</p>\r\n<p class=\" \" style=\"text-align: justify; \">Observa\u00e7\u00e3o:</p>\r\n<p class=\" \" style=\"text-align: justify; \">O bras\u00e3o foi idealizado pelo Sr. Jos\u00e9 Guimar\u00e3es, da cidade de Ouro Fino - MG, a pedido do Prefeito Sr. Jos\u00e9 Airton dos Reis, por interm\u00e9dio do Reverend\u00edssimo Monsenhor Jos\u00e9 do Patroc\u00ednio Lefort, ent\u00e3o Chanceler da C\u00faria Diocesana, da Igreja Particular da Campanha - MG.</p>\r\n<p class=\" \" style=\"text-align: justify; \">Uma vez idealizado o bras\u00e3o do Munic\u00edpio, houve o ato da cria\u00e7\u00e3o da bandeira de Nat\u00e9rcia, pela Lei Municipal n.\u00ba 39/83 de 03/05/83, assinada pelo Sr. Jos\u00e9 Airton dos Reis.</p>\r\n<p class=\" \" style=\"text-align: justify; \">O dia 20 de Julho, comemorado anualmente como o dia da cidade \u00e9 a data da Posse da 1\u00aa C\u00e2mara e consequentemente a da Instala\u00e7\u00e3o do Munic\u00edpio \u2013 Emancipa\u00e7\u00e3o Administrativa de Nat\u00e9rcia.</p>", "author_name": "", "version": "1.0", "author_url": "https://www.natercia.mg.leg.br/author/nat", "provider_name": " C\u00e2mara Municipal de Nat\u00e9rcia - MG", "type": "rich"}