{"provider_url": "https://www.natercia.mg.leg.br", "title": "Cultura", "html": "<p><strong>FESTAS TRADICIONAIS</strong></p>\r\n<p style=\"text-align: center; \"><strong>Treze de maio</strong></p>\r\n<p style=\"text-align: justify; \">Todos os anos no dia treze de maio, aprecia-se pelas ruas da cidade a congada, festejando a liberta\u00e7\u00e3o dos escravos. Dan\u00e7am e cantam nesse dia, ao ritmo das caixas e das violas, com a apresenta\u00e7\u00e3o de suas dan\u00e7as pr\u00f3prias. As crian\u00e7as, os mo\u00e7os e os velhos, estes \u00faltimos, geralmente mais entusiasmados e devotos, formam todo um conjunto harmonioso, ritmado e uma Coreografia que a civiliza\u00e7\u00e3o dificilmente conseguir\u00e1 extinguir. Neste mesmo dia \u00e9 festejado o Santo Negro \u201cS\u00e3o Benedito\u201d, isto j\u00e1 \u00e9 tradi\u00e7\u00e3o em nossa cidade.</p>\r\n<p style=\"text-align: center; \"><strong>Festa da Padroeira</strong></p>\r\n<p style=\"text-align: justify; \">No dia 25 de novembro de todos os anos nossa cidade est\u00e1 em festa. \u00c9 a data consagrada a Santa Catarina de Alexandria, a Padroeira de Nat\u00e9rcia. Nesse evento todos os natercianos, mesmo os que, diversos motivos se ausentaram da cidade, procuram estar presente neste dia.</p>\r\n<p style=\"text-align: center; \"><strong>Exposi\u00e7\u00e3o Agropecu\u00e1ria</strong></p>\r\n<p style=\"text-align: justify; \">J\u00e1 se tornou tradi\u00e7\u00e3o em nossa cidade, na \u00faltima semana de agosto a exposi\u00e7\u00e3o agropecu\u00e1ria, onde h\u00e1 a participa\u00e7\u00e3o dos fazendeiros no concurso leiteiro.\u00a0 Acontecem desfiles de cavaleiros e tamb\u00e9m de carros-de-boi. \u00c0 noite h\u00e1 sempre as apresenta\u00e7\u00f5es das escolas estadual e municipal, desfile de Miss: bonecas, mirins, exposi\u00e7\u00e3o e boa vizinhan\u00e7a. Al\u00e9m disso s\u00e3o propiciados \u00e0 popula\u00e7\u00e3o Shows diversos, todas as noites.</p>\r\n<p style=\"text-align: center; \">\u00a0<strong>Romaria</strong></p>\r\n<p style=\"text-align: justify; \">Gra\u00e7as ao esfor\u00e7o de pessoas como Jo\u00e3o de Souza, Apl\u00ednio Arantes e c\u00f4nego Francisco Bustamante \u00e9 que foi poss\u00edvel a oficializa\u00e7\u00e3o de um evento religioso h\u00e1 muito idealizado pelos paroquianos de Nat\u00e9rcia: a Romaria ao Santu\u00e1rio de Nossa Senhora Aparecida.</p>\r\n<p style=\"text-align: justify; \">H\u00e1 64 anos, em meados de 1937, o P\u00e1roco de Nat\u00e9rcia (na \u00e9poca Santa Catarina) Francisco Fortes Bustamante prop\u00f4s ao Sr. Jo\u00e3o de Souza a cria\u00e7\u00e3o de uma Romaria oficial a Aparecida. De pleno acordo com a louv\u00e1vel iniciativa o Sr. Jo\u00e3o de Souza assumiu a posi\u00e7\u00e3o de dirigente geral do movimento e estendeu o convite ao Sr. Apl\u00ednio Arantes, que foi nomeado chefe de grupos, ou seja, o encarregado de organizar e liderar os grupos de romeiros.</p>\r\n<p style=\"text-align: justify; \">A primeira Romaria foi realizada no dia 15 de junho de 1937.</p>\r\n<p style=\"text-align: justify; \">Atualmente tomou-se uma medida no sentido de tornar poss\u00edvel a participa\u00e7\u00e3o de professores e alunos: a romaria ficou firmada para toda primeira segunda-feira do m\u00eas de julho.</p>\r\n<p style=\"text-align: justify; \">Atualmente o dirigente geral da Romaria \u00e9 o Sr. Luiz Rodrigues de Souza e outras pessoas que s\u00e3o encarregadas de organizar e liderar os grupos de romeiros que v\u00e3o a p\u00e9, a cavalo, de bicicleta, de carro e de \u00f4nibus.</p>\r\n<p style=\"text-align: justify; \">Atrav\u00e9s dessa romaria, sentimos viva a cultura do nosso povo, enfim, a religi\u00e3o inculturada.</p>", "author_name": "", "version": "1.0", "author_url": "https://www.natercia.mg.leg.br/author/nat", "provider_name": " C\u00e2mara Municipal de Nat\u00e9rcia - MG", "type": "rich"}