{"provider_url": "https://www.natercia.mg.leg.br", "title": "Educa\u00e7\u00e3o", "html": "<p class=\" \" style=\"text-align: justify; \"><span>Escola Estadual \u201cJo\u00e3o Goulart Santiago Brum\u201d</span></p>\r\n<p class=\" \" style=\"text-align: justify; \"><span>Rua Santa Catarina</span></p>\r\n<p class=\" \" style=\"text-align: justify; \"><span>Telefone: (35) 3456-1246</span></p>\r\n<p class=\" \" style=\"text-align: justify; \"><span><br /></span></p>\r\n<p class=\" \" style=\"text-align: justify; \"><span>Escola Municipal \u201cS\u00e3o Francisco\u201d</span></p>\r\n<p class=\" \" style=\"text-align: justify; \"><span>Bairro dos Fagundes</span></p>\r\n<p class=\" \" style=\"text-align: justify; \"><span>Telefone: (35) 3456-1774</span></p>\r\n<p class=\" \" style=\"text-align: justify; \">\u00a0</p>\r\n<p class=\" \" style=\"text-align: justify; \"><span>Escola Municipal \u201cCoronel Goulart\u201d</span></p>\r\n<p class=\" \" style=\"text-align: justify; \"><span>Pra\u00e7a Prefeito Ant\u00f4nio Virg\u00ednio da Silva.</span></p>\r\n<p class=\" \" style=\"text-align: justify; \"><span><span><span>Telefone:\u00a0</span>(35) 3456-1774</span></span></p>\r\n<p class=\" \" style=\"text-align: justify; \"><span><span><br /></span></span></p>\r\n<p class=\" \" style=\"text-align: justify; \"><span>Centro Municipal de Educa\u00e7\u00e3o Infantil \u201cCarine Siqueira Carvalho Moreira\u201d</span></p>\r\n<p class=\" \" style=\"text-align: justify; \"><span>Pra\u00e7a Jo\u00e3o Honorato de Vilas Boas</span></p>\r\n<p class=\" \" style=\"text-align: justify; \"><span>Telefone: (35) 3456-1736</span></p>\r\n<p class=\" \" style=\"text-align: left; \"><span>\u00a0</span></p>\r\n<p class=\" \" style=\"text-align: left; \"><span>Associa\u00e7\u00e3o de Pais e Alunos dos Excepcionais - APAE</span></p>\r\n<p class=\" \" style=\"text-align: left; \"><span>Rua Cristiano Caetano, n\u00ba 283</span></p>", "author_name": "", "version": "1.0", "author_url": "https://www.natercia.mg.leg.br/author/nat", "provider_name": " C\u00e2mara Municipal de Nat\u00e9rcia - MG", "type": "rich"}