{"provider_url": "https://www.natercia.mg.leg.br", "title": "Fundadores e Hist\u00f3ria Pol\u00edtica", "html": "<p class=\" \" style=\"text-align: justify; \"><strong>FUNDADORES</strong></p>\r\n<p class=\" \" style=\"text-align: justify; \">Pode-se admitir que foram fundadores do Arraial de Santa Catarina, em 1749: Manoel Lopes Viana, Jo\u00e3o \u00c1lvares dos Santos, Domingos Pinto Guedes e Francisco Domingos da Rocha.</p>\r\n<p class=\" \" style=\"text-align: justify; \">Todos eles foram propriet\u00e1rios de fazendas e remanescentes dos faiscadores do Descoberto da Pedra Branca.</p>\r\n<p class=\" \" style=\"text-align: justify; \">Pedro de Alc\u00e2ntara Pereira, abastado propriet\u00e1rio local, doou algumas terras para a funda\u00e7\u00e3o da cidade, construindo-se ent\u00e3o a capela o cemit\u00e9rio e algumas casas.</p>\r\n<p class=\" \" style=\"text-align: justify; \"><b><br /></b></p>\r\n<p class=\" \" style=\"text-align: justify; \"><b>HIST\u00d3RIA POL\u00cdTICA DE NAT\u00c9RCIA</b></p>\r\n<p align=\"center\" class=\" \" style=\"text-align: justify; \"><span>Denomina\u00e7\u00f5es anteriores:</span><span></span></p>\r\n<p align=\"center\" class=\" \" style=\"text-align: justify; \"><span>- Descoberta da Pedra Branca</span><span></span></p>\r\n<p align=\"center\" class=\" \" style=\"text-align: justify; \"><span>- Ribeir\u00e3o de Santa Catarina da Pedra Branca</span><span></span></p>\r\n<p align=\"center\" class=\" \" style=\"text-align: justify; \"><span>- Santa Quit\u00e9ria</span><span></span></p>\r\n<p align=\"center\" class=\" \" style=\"text-align: justify; \"><span>- Santa Catarina</span></p>\r\n<p class=\" \"><span style=\"text-align: justify; \">Cria\u00e7\u00e3o do Distrito - 1864 - Lei n.\u00ba 1.206 de 09.08.64</span></p>\r\n<p class=\" \"><span style=\"text-align: justify; \"></span><span style=\"text-align: justify; \">Emancipa\u00e7\u00e3o do Munic\u00edpio - 1923 - Lei n.\u00ba 843 de 07.09.23</span></p>\r\n<p class=\" \"><span style=\"text-align: justify; \">Ado\u00e7\u00e3o do nome - NAT\u00c9RCIA - 1953 - Lei n.\u00ba 1.039 de 12.12.53</span></p>\r\n<p class=\" \"><span style=\"text-align: justify; \"></span><span style=\"text-align: justify; \">Instala\u00e7\u00e3o do Munic\u00edpio - 20/07/1924</span></p>\r\n<p align=\"center\" class=\" \"><strong>\u00a0</strong></p>\r\n<p align=\"center\" class=\" \" style=\"text-align: center; \"><strong>Gent\u00edlico:</strong> Naterciano</p>\r\n<p class=\" \" style=\"text-align: center; \"><strong>\u00a0N A T \u00c9 R C I A = Anagrama de = C A T E R I N A</strong></p>\r\n<p class=\" \" style=\"text-align: right; \"><strong><br /></strong></p>\r\n<div class=\"visualClear\" style=\"text-align: right; \"><strong>Fonte:</strong>\u00a0Paulina Orsi Junho</div>\r\n<div class=\"visualClear\" style=\"text-align: right; \">Escola Municipal Coronel Goulart</div>\r\n<div class=\"visualClear\" style=\"text-align: right; \">2000/2001</div>", "author_name": "", "version": "1.0", "author_url": "https://www.natercia.mg.leg.br/author/nat", "provider_name": " C\u00e2mara Municipal de Nat\u00e9rcia - MG", "type": "rich"}