{"provider_url": "https://www.natercia.mg.leg.br", "title": "Habitantes e Popula\u00e7\u00e3o", "html": "<p class=\" \" style=\"text-align: justify; \"><strong>HABITANTES</strong></p>\r\n<p class=\" \" style=\"text-align: justify; \">Primitivamente as terras do atual munic\u00edpio de Nat\u00e9rcia foram habitadas pelos \u00cdndios Puris-Coroados, segundo informa\u00e7\u00f5es do Servi\u00e7o de Prote\u00e7\u00e3o ao \u00cdndio.</p>\r\n<p class=\" \" style=\"text-align: justify; \"><span>A Hist\u00f3ria guardou como primeiros habitantes do local: Jos\u00e9 da Silva Passos, Jos\u00e9 Higino Pereira da Silva, Carlos Firmino de Magalh\u00e3es, o Capit\u00e3o Faustino de Alc\u00e2ntara Pereira , Manoel Severino de Paiva e o C\u00f4nego Ant\u00f4nio Carlos Ev\u00eancio da Silveira, que se dedicavam ao Com\u00e9rcio, a agricultura e a pecu\u00e1ria.</span></p>\r\n<div class=\"visualClear\" style=\"text-align: right; \"><strong>Fonte:</strong><span>\u00a0Paulina Orsi Junho</span></div>\r\n<div class=\"visualClear\" style=\"text-align: right; \"><span>Escola Municipal Coronel Goulart</span></div>\r\n<div class=\"visualClear\" style=\"text-align: right; \"><span>2000/2001</span></div>\r\n<div class=\"visualClear\"><span><br /></span></div>\r\n<p class=\" \" style=\"text-align: left; \"><strong>POPULA\u00c7\u00c3O</strong></p>\r\n<p class=\" \" style=\"text-align: justify; \">Popula\u00e7\u00e3o Rural: 1.898</p>\r\n<p class=\" \" style=\"text-align: justify; \">Popula\u00e7\u00e3o Urbana: 2.760 \u00a0 \u00a0</p>\r\n<p class=\" \" style=\"text-align: justify; \">Total: 4.658.</p>\r\n<div class=\"visualClear\" style=\"text-align: right; \"><strong>Fonte:</strong> Censo, 2010.</div>", "author_name": "", "version": "1.0", "author_url": "https://www.natercia.mg.leg.br/author/nat", "provider_name": " C\u00e2mara Municipal de Nat\u00e9rcia - MG", "type": "rich"}