{"provider_url": "https://www.natercia.mg.leg.br", "title": "Institui\u00e7\u00f5es", "html": "<p style=\"text-align: center; \"><b>Entidades de Classe</b></p>\r\n<p style=\"text-align: justify; \"><b></b><span>Sindicato do Empregador Rural de Nat\u00e9rcia</span></p>\r\n<blockquote>\r\n<blockquote>\r\n<p><span>Presidente: Nelson Lino de Souza</span></p>\r\n<p><span></span>Rua Prefeito Jos\u00e9 Nac\u00e1cio - Centro.</p>\r\n<p><span><br /></span></p>\r\n<p><span>Sindicato do Trabalhador Rural de Nat\u00e9rcia</span></p>\r\n</blockquote>\r\n</blockquote>\r\n<p><span><span>Presidente: Jos\u00e9 Claro da Silva</span></span></p>\r\n<blockquote>\r\n<blockquote>\r\n<p>Rua Cristiano Caetano, 74 - Centro.</p>\r\n<p>Fone: 99917-4810\u00a0\u00a0\u00a0\u00a0\u00a0\u00a0\u00a0\u00a0\u00a0\u00a0\u00a0\u00a0\u00a0\u00a0\u00a0\u00a0\u00a0</p>\r\n<p>\u00a0</p>\r\n</blockquote>\r\n</blockquote>\r\n<p><span>Cooperativa Agropecu\u00e1ria de Nat\u00e9rcia</span></p>\r\n<p><span><span>Presidente: Fabiano Silveira Barbedo</span></span></p>\r\n<blockquote>\r\n<blockquote>\r\n<p>Pra\u00e7a da Bandeira, s/n - Centro.</p>\r\n<p>Fone: (35) 3456-1232</p>\r\n<p>\u00a0</p>\r\n<p>218\u00aa Subse\u00e7\u00e3o da OAB</p>\r\n<p><span><span>Presidente:Jo\u00e3o Roberto Fagundes<br /></span></span></p>\r\n<p>Pra\u00e7a Prefeito Ant\u00f4nio Virgilio da Silva</p>\r\n<p>Fone: (35) 3456-1869</p>\r\n<p>\u00a0</p>\r\n</blockquote>\r\n</blockquote>\r\n<p align=\"center\"><b><br /></b></p>\r\n<p align=\"center\"><b>Entidade Assistencial</b></p>\r\n<p style=\"text-align: justify; \"><span>Centro de Refer\u00eancia de A\u00e7\u00e3o Social - CRAS</span></p>\r\n<p style=\"text-align: justify; \"><span>Secret\u00e1ria de Assist\u00eancia Social</span></p>\r\n<p style=\"text-align: justify; \"><span>Rua Cristiano Caetano, n\u00ba 34</span></p>\r\n<p style=\"text-align: justify; \"><span>Fone: 35 3456-1480</span></p>\r\n<p style=\"text-align: justify; \"><span><br /></span></p>\r\n<p style=\"text-align: justify; \"><span>Lar Comunit\u00e1rio Sagrado Cora\u00e7\u00e3o de Jesus</span></p>\r\n<blockquote>\r\n<blockquote>\r\n<p>Presidente: F\u00e1bio Teodoro dos Reis</p>\r\n<p>Rua Geraldo Honorato de Souza, 312 - Centro.</p>\r\n<p>Fone: (35) 3456-1477</p>\r\n</blockquote>\r\n</blockquote>\r\n<p><span><br /></span></p>\r\n<p><span>Centro Comunit\u00e1rio Rural do Atirado</span></p>\r\n<blockquote>\r\n<blockquote>\r\n<p>Presidente: Erik Ad\u00e3o de Vilas B\u00f4as</p>\r\n<p>Bairro Atirado</p>\r\n<p>Fone: (35) 99825-6957/ (35) 99898-78760</p>\r\n</blockquote>\r\n</blockquote>\r\n<p align=\"center\">\u00a0</p>\r\n<p style=\"text-align: center; \"><b>Entidades Religiosas</b></p>\r\n<p align=\"center\" style=\"text-align: left; \"><span>Par\u00f3quia de Santa Catarina de Alexandria</span></p>\r\n<p align=\"center\" style=\"text-align: left; \"><span><span>P\u00e1roco: Pe. Thiago de S\u00e3o Jos\u00e9 Guimar\u00e3es</span></span></p>\r\n<blockquote>\r\n<blockquote>\r\n<p>Pra\u00e7a Justino Lisboa Carneiro - Centro .</p>\r\n<p>Fone: (35) 3456-1250</p>\r\n<p>\u00a0</p>\r\n</blockquote>\r\n</blockquote>\r\n<p><span>Igreja \u201cS\u00e3o Benedito\u201d</span></p>\r\n<blockquote>\r\n<blockquote>\r\n<p><span>P\u00e1roco: Pe. Thiago de S\u00e3o Jos\u00e9 Guimar\u00e3es</span></p>\r\n<p><span></span>Pra\u00e7a Maria Duarte de Vilas Boas -\u00a0<span>Chapada.</span></p>\r\n<p>\u00a0</p>\r\n</blockquote>\r\n</blockquote>\r\n<p><span>Igreja Evang\u00e9lica \u201cCongrega\u00e7\u00e3o Crist\u00e3 no Brasil\u201d</span></p>\r\n<p><span><span>Pastor: Oraci Marcelino de Souza</span></span></p>\r\n<blockquote>\r\n<blockquote>\r\n<p>Rua Prefeito Jos\u00e9 Goulart Junho - Centro.</p>\r\n<p>\u00a0</p>\r\n</blockquote>\r\n</blockquote>\r\n<p><span>Igreja Evang\u00e9lica \u201cAssembl\u00e9ia de Deus\u201d</span></p>\r\n<blockquote>\r\n<blockquote>\r\n<p><span>Pastor: Paulo Emidio</span></p>\r\n<p><span></span>Rua Joaquim Torquato, n\u00ba 43 - Centro.</p>\r\n<p>\u00a0</p>\r\n</blockquote>\r\n</blockquote>\r\n<p><span>Igreja das Testemunhas de Jeov\u00e1</span></p>\r\n<p><span><span>Respons\u00e1vel: Neimar de Padua</span></span></p>\r\n<blockquote>\r\n<blockquote>\r\n<p>Rua Elp\u00eddio En\u00e9as n\u00ba 65 - Centro.</p>\r\n<p>Fone: (35) 99905-2278</p>\r\n<p>\u00a0</p>\r\n<p>Igreja Batista da Provis\u00e3o</p>\r\n<p>Pastor: Ad\u00e9lcio Ferreira</p>\r\n<p>Rua Cristiano Caetano</p>\r\n<p>Fone: (35) 3456-1466</p>\r\n</blockquote>\r\n</blockquote>\r\n<p align=\"center\"><b><br /></b></p>\r\n<p align=\"center\"><b>Entidades de Recrea\u00e7\u00e3o, Lazer, Esporte e Cultura</b></p>\r\n<p><span>Clube Recreativo Catarinense</span></p>\r\n<blockquote>\r\n<blockquote>\r\n<p>Rua Prefeito Jos\u00e9 Nac\u00e1cio.</p>\r\n</blockquote>\r\n</blockquote>\r\n<p><span><br /></span></p>\r\n<p><span>\u00c1rea de Lazer \u201cJo\u00e3o Gon\u00e7alves Pereira da Silva\u201d</span></p>\r\n<blockquote>\r\n<blockquote>\r\n<p>Pra\u00e7a Jo\u00e3o Honorato de Vilas Boas - Chapada.</p>\r\n</blockquote>\r\n</blockquote>\r\n<p><span><br /></span></p>\r\n<p><span>Parque de Exposi\u00e7\u00f5es \u201cOscar Lino dos Reis\u201d</span></p>\r\n<blockquote>\r\n<blockquote>\r\n<p>Pra\u00e7a Jo\u00e3o Honorato de Vilas Boas - Chapada.<span>\u00a0</span></p>\r\n<p><span><br /></span></p>\r\n<p><span>Est\u00e1dio Municipal \"Jos\u00e9 Carlos da Silva\"</span></p>\r\n<p><span><span>Rua Geraldo Honorato de Souza</span></span></p>\r\n</blockquote>\r\n</blockquote>", "author_name": "", "version": "1.0", "author_url": "https://www.natercia.mg.leg.br/author/nat", "provider_name": " C\u00e2mara Municipal de Nat\u00e9rcia - MG", "type": "rich"}