{"provider_url": "https://www.natercia.mg.leg.br", "title": "Sess\u00e3o Solene", "html": "<div class=\"visualClear\" style=\"text-align: justify; \">Ao primeiro dia do m\u00eas de janeiro de dois mil e vinte um, \u00e0s vinte horas e trinta minutos, no Plen\u00e1rio Vereador Ant\u00f4nio Teodoro de Ara\u00fajo da C\u00e2mara Municipal de Nat\u00e9rcia, realizou-se a Sess\u00e3o Solene de Instala\u00e7\u00e3o da C\u00e2mara Municipal e Posse do Prefeito, Vice-Prefeito e Vereadores da Legislatura 2021-2024. Em atendimento as recomenda\u00e7\u00f5es sanit\u00e1rias, a participa\u00e7\u00e3o presencial na solenidade foi restrita aos familiares e a mesma foi transmitida pela p\u00e1gina no Facebook da Prefeitura Municipal.</div>\r\n<div class=\"visualClear\" style=\"text-align: justify; \"></div>\r\n<div class=\"visualClear\" style=\"text-align: justify; \">A Sess\u00e3o foi presidida pelo vereador eleito Sr. Ant\u00f4nio Noel de Souza, conforme determina a Lei Org\u00e2nica do Munic\u00edpio. Sob sua presid\u00eancia, os eleitos, Sr. \u00c9rik Ad\u00e3o de Vilas B\u00f4as, Sra. Fabiana Aparecida Reis Borelli, Sra. Fl\u00e1via Tamara do Vale Carvalho, Sr. Jos\u00e9 Messias Jonas, Sr. Luiz Ant\u00f4nio dos Reis, Sr. Luiz Fernando da Silva, Sr. Silviano Reis do Vale e Sr. Wilson Val\u00e9rio Bernardes Costa, prestaram compromisso perante a sociedade e foram empossados na forma regimental.</div>\r\n<div class=\"visualClear\" style=\"text-align: justify; \"></div>\r\n<div class=\"visualClear\" style=\"text-align: justify; \">Os vereadores empossados elegeram atrav\u00e9s de vota\u00e7\u00e3o a Mesa Diretora da C\u00e2mara Municipal para o ano de 2021, assim constitu\u00edda:</div>\r\n<div class=\"visualClear\" style=\"text-align: justify; \">Presidente: Ant\u00f4nio Noel de Souza;</div>\r\n<div class=\"visualClear\" style=\"text-align: justify; \">Vice-Presidente: Luiz Ant\u00f4nio dos Reis;</div>\r\n<div class=\"visualClear\" style=\"text-align: justify; \">Secret\u00e1ria: Fl\u00e1via Tamara do Vale Carvalho.</div>\r\n<div class=\"visualClear\" style=\"text-align: justify; \"></div>\r\n<div class=\"visualClear\" style=\"text-align: justify; \">Ap\u00f3s juramente, o Sr. Ant\u00f4nio Noel de Souza, Presidente da Mesa Diretora da C\u00e2mara Municipal do ano de 2021, declarou empossados o Sr. Gabriel Tiago de Vilas B\u00f4as, Prefeito Municipal eleito, e o Sr. Bruno Freitas Alves Jonas, Vice-Prefeito Municipal eleito.</div>\r\n<p style=\"text-align: justify; \">\u00a0</p>\r\n<p style=\"text-align: justify; \"><span>Acesse:</span></p>\r\n<ul>\r\n<li style=\"text-align: justify; \"><a title=\"\" href=\"https://www.natercia.mg.leg.br/noticias/galeria/videos/Video%20-%20Posse%202021-2024.mp4/view?searchterm=posse\" class=\"external-link\" target=\"_self\">V\u00eddeo</a></li>\r\n<li style=\"text-align: justify; \"><a class=\"external-link\" href=\"https://www.natercia.mg.leg.br/galeria/fotos/posse-gestao-2021-2024\" target=\"_self\" title=\"\">Fotos</a></li>\r\n<li style=\"text-align: justify; \"><a class=\"external-link\" href=\"https://sapl.natercia.mg.leg.br/sessao/125\" target=\"_self\" title=\"\">Ata da Sess\u00e3o</a></li>\r\n</ul>", "author_name": "", "version": "1.0", "author_url": "https://www.natercia.mg.leg.br/author/nat", "provider_name": " C\u00e2mara Municipal de Nat\u00e9rcia - MG", "type": "rich"}