{
    "claims": [
        {
            "area": "controle-interno-e-ouvidoria", 
            "captcha": "", 
            "cpf": "49563076672", 
            "creation_date": "2026-03-17T12:05:10-03:00", 
            "description": "Exmo. Senhor .\r\nSaulo R\u00e9gis de Vilas Boas\r\nPresidente da C\u00e2mara de Vereadores de Nat\u00e9rcia. \r\n\r\nExcelent\u00edssimo Senhor Presidente, \r\n\r\n           Por meio deste documento, venho de forma cordial solicitar que seja encaminhada uma sugest\u00e3o ao Poder Executivo Municipal visando a institui\u00e7\u00e3o do \"Dia do Morador Ausente\" em Nat\u00e9rcia.   \r\n\r\nJUSTIFICATIVA:\r\nEsta sugest\u00e3o tem como objetivo homenagear e valorizar aqueles que nasceram ou viveram na cidade e, por diversos motivos, migraram para outras regi\u00f5es, mas ainda mant\u00eam o amor e a conex\u00e3o com Nat\u00e9rcia. O morador ausente representa a cultura e as tradi\u00e7\u00f5es da cidade. Estabelecer um dia espec\u00edfico para sua comemora\u00e7\u00e3o \u2014 de prefer\u00eancia associado a uma festa tradicional da cidade \u2014 n\u00e3o apenas refor\u00e7ar\u00e1 os v\u00ednculos afetivos e familiares, mas tamb\u00e9m estimular\u00e1 a economia local, atraindo os filhos da terra, que consomem, investem e celebram suas ra\u00edzes, movimentando o com\u00e9rcio e os servi\u00e7os locais.\r\n\r\nAgrade\u00e7o pela aten\u00e7\u00e3o e fico \u00e0 disposi\u00e7\u00e3o para fornecer informa\u00e7\u00f5es adicionais, se necess\u00e1rio.\r\n\r\nAtenciosamente,\r\n\r\n\r\nJuares Dias Monteiro", 
            "kind": "sugestao", 
            "modification_date": "2026-04-22T12:59:51-03:00", 
            "responses": [
                {
                    "creator": "nat", 
                    "date": "2026-03-18T15:46:55.836190", 
                    "id": 1, 
                    "review_state": "Moving", 
                    "text": "Caro(a) Sr.(a) JUARES DIAS MONTEIRO\r\n\r\nSegue em anexo a resposta do seu pedido/solicita\u00e7\u00e3o com os seguintes dados:\r\n\r\nT\u00edtulo: \"Dia do Morador Ausente\"\r\nN\u00famero do protocolo:  20260317120510\r\n\r\nAtenciosamente,\r\nOuvidoria da C\u00e2mara Municipal de Nat\u00e9rcia - MG.\r\n"
                }, 
                {
                    "creator": "nat", 
                    "date": "2026-04-22T12:58:09.445860", 
                    "id": 2, 
                    "review_state": "Resolved", 
                    "text": "Caro(a) Sr.(a) Juares Dias Monteiro\r\n\r\nSegue em anexo a resposta do seu pedido/solicita\u00e7\u00e3o com os seguintes dados:\r\n\r\nT\u00edtulo: \"Dia do Morador Ausente\"\r\nN\u00famero do protocolo: 20260317120510\r\n\r\nAtenciosamente,\r\n\r\nOuvidoria da C\u00e2mara Municipal de Nat\u00e9rcia - MG.\r\n"
                }
            ], 
            "review_state": "resolved", 
            "rg": "MG 2 962419", 
            "title": "\"Dia do Morador Ausente\"", 
            "uri": "https://www.natercia.mg.leg.br/transparencia/ouvidoria-1/ouvidoria/20260317120510"
        }, 
        {
            "area": "controle-interno-e-ouvidoria", 
            "captcha": "", 
            "cpf": "495.630.766-72", 
            "creation_date": "2026-04-23T12:10:05-03:00", 
            "description": "Exmo. Senhor \r\nBrenno Henrique Carnutes Alves\r\nPresidente da C\u00e2mara de Vereadores de Nat\u00e9rcia. \r\n\r\nExcelent\u00edssimo Senhor Presidente, \r\n\r\n            Ao saud\u00e1-lo de maneira cordial, gostaria de sugerir um debate sobre a possibilidade de cria\u00e7\u00e3o de um polo de inform\u00e1tica em Nat\u00e9rcia-MG.\r\n\r\nO debate sobre a cria\u00e7\u00e3o de um polo de inform\u00e1tica em Nat\u00e9rcia dever\u00e1 ser abrangente e contar com a participa\u00e7\u00e3o de v\u00e1rios segmentos da sociedade, como SEBRAE, empresas, governo municipal, institui\u00e7\u00f5es de ensino superior e comunidade em geral.\r\n\r\nO debate dever\u00e1 levar em conta a capacidade da regi\u00e3o de atrair empresas e profissionais do setor, promovendo o crescimento econ\u00f4mico e a cria\u00e7\u00e3o de empregos. A conversa dever\u00e1 incluir t\u00f3picos como infraestrutura, incentivos fiscais, capacita\u00e7\u00e3o da m\u00e3o de obra local e colabora\u00e7\u00e3o com outras cidades vizinhas, como Santa Rita do Sapuca\u00ed e Itajub\u00e1, que j\u00e1 s\u00e3o reconhecidas como centros tecnol\u00f3gicos.\r\n\r\nAspectos fundamentais para o debate:\r\nInfraestrutura:\r\n\"\u00c9 essencial considerar a disponibilidade de internet de alta velocidade, locais apropriados para a instala\u00e7\u00e3o de empresas e centros de pesquisa, bem como alternativas de transporte e log\u00edstica.\"\r\n\r\nIncentivos Fiscais:\r\n\"O debate acerca da implementa\u00e7\u00e3o de incentivos fiscais para empresas de tecnologia poder\u00e1 atrair investimentos e impulsionar o desenvolvimento do polo.\"\r\n\r\nQualifica\u00e7\u00e3o da M\u00e3o de obra:\r\n\"Para atender \u00e0s demandas do mercado e assegurar a disponibilidade de profissionais competentes, \u00e9 imprescind\u00edvel investir em cursos de forma\u00e7\u00e3o e capacita\u00e7\u00e3o na \u00e1rea da inform\u00e1tica.\"\r\n\r\nArticula\u00e7\u00e3o com Outros Polos:\r\n\u201cA coopera\u00e7\u00e3o com cidades como Santa Rita do Sapuca\u00ed e Itajub\u00e1, que j\u00e1 disp\u00f5em de um ecossistema tecnol\u00f3gico consolidado, poder\u00e1 ser vantajosa para a troca de experi\u00eancias e gera\u00e7\u00e3o de oportunidades.\u201d\r\n\r\nInova\u00e7\u00e3o e Empreendedorismo:\r\n\"Fomentar a cria\u00e7\u00e3o de startups e iniciativas inovadoras no campo da inform\u00e1tica, por meio da realiza\u00e7\u00e3o de eventos, hackathons e programas de acelera\u00e7\u00e3o.\"\r\n\r\n\r\nVantagens de Estabelecer um Polo de Inform\u00e1tica:\r\nCrescimento Econ\u00f4mico:\r\n\u201cCria\u00e7\u00e3o de postos de trabalho, aumento da arrecada\u00e7\u00e3o de impostos e capta\u00e7\u00e3o de investimentos.\u201d\r\n\r\nDesenvolvimento Tecnol\u00f3gico:\r\n\u201cEstabelecimento de um ambiente favor\u00e1vel \u00e0 inova\u00e7\u00e3o, pesquisa e cria\u00e7\u00e3o de novas tecnologias.\u201d\r\n\r\nQualifica\u00e7\u00e3o Profissional\r\n\u201cA capacita\u00e7\u00e3o de profissionais competentes para o mercado de trabalho estimula a economia local.\u201d\r\n\r\nAprimoramento da Qualidade de Vida:\r\n\u201cDesenvolvimento de um ambiente mais din\u00e2mico e atraente para jovens profissionais, com maiores possibilidades de trabalho e lazer.\u201d\r\n\r\nAgrade\u00e7o pela aten\u00e7\u00e3o e estou \u00e0 disposi\u00e7\u00e3o para fornecer mais informa\u00e7\u00f5es, caso seja necess\u00e1rio.\r\n\r\nAtenciosamente,\r\n\r\nJuares Dias Monteiro", 
            "kind": "sugestao", 
            "modification_date": "2026-04-28T12:19:18-03:00", 
            "responses": [], 
            "review_state": "moving", 
            "rg": "MG 2 962419", 
            "title": "CRIA\u00c7\u00c3O DE UM POLO DE INFORM\u00c1TICA", 
            "uri": "https://www.natercia.mg.leg.br/transparencia/ouvidoria-1/ouvidoria/20260423121005"
        }, 
        {
            "area": "controle-interno-e-ouvidoria", 
            "captcha": "", 
            "cpf": "49563076672", 
            "creation_date": "2025-09-03T14:09:48-03:00", 
            "description": "Exmo. Senhor.\r\nSaulo R\u00e9gis de Vilas B\u00f4as\r\nPresidente da C\u00e2mara de Vereadores de Nat\u00e9rcia. \r\n\r\nExcelent\u00edssimo Senhor Presidente, \r\n\r\n        Ao cumpriment\u00e1-lo de maneira cordial, gostaria de sugerir a constru\u00e7\u00e3o de um Terminal Rodovi\u00e1rio em Nat\u00e9rcia.\r\n   \r\n        O Terminal Rodovi\u00e1rio desempenha um papel fundamental nas cidades ao coordenar o transporte coletivo, especialmente o intermunicipal e interestadual. Ele atua como um ponto de liga\u00e7\u00e3o entre diversos tipos de transporte e fomenta a economia local por meio do turismo e da facilita\u00e7\u00e3o de acesso a com\u00e9rcios e servi\u00e7os. Ele proporciona um local seguro e organizado para o embarque e desembarque de passageiros, contribuindo para a melhoria da mobilidade urbana. Quando adequadamente planejado, pode at\u00e9 se transformar em um marco e ponto de atra\u00e7\u00e3o para a cidade.\r\n\r\nJUSTIFICATIVAS:\r\nLevando em conta que esta obra \u00e9 fundamental para a cidade, pois proporcionar\u00e1 mais conforto para a popula\u00e7\u00e3o, que ter\u00e1 prote\u00e7\u00e3o contra as intemp\u00e9ries, como chuva, sol, frio, entre outros.\r\n\r\nMelhoria da Mobilidade Urbana\r\nDescongestionamento do Tr\u00e2nsito:\r\n\u201cCentralizar\u00e1 o fluxo de passageiros e \u00f4nibus, evitando o uso de pontos dispersos que podem gerar tr\u00e1fego e polui\u00e7\u00e3o em \u00e1reas urbanas centrais.\u201d\r\n\r\nOtimiza\u00e7\u00e3o do Transporte P\u00fablico:\r\n\u201cCriar\u00e1 um local apropriado para a parada de \u00f4nibus interurbanos, o que facilita o embarque e desembarque e melhora a qualidade do servi\u00e7o prestado \u00e0 popula\u00e7\u00e3o.\u201d\r\n\r\nDesenvolvimento Econ\u00f4mico e Tur\u00edstico \r\nEst\u00edmulo ao Com\u00e9rcio Local:\r\n\u201cO crescimento do fluxo de pessoas e visitantes resultar\u00e1 em uma maior demanda por produtos e servi\u00e7os, o que, por sua vez, estimula o com\u00e9rcio e a economia local.\u201d\r\n\r\nPromo\u00e7\u00e3o do Turismo:\r\n\u201cUm terminal bem organizado e situado poder\u00e1 atrair visitantes, promovendo as atra\u00e7\u00f5es tur\u00edsticas da cidade e fomentando o turismo.\u201d\r\n\r\nRegulamenta\u00e7\u00e3o e Organiza\u00e7\u00e3o\r\nRegulamenta\u00e7\u00e3o do Servi\u00e7o:\r\n\u201cPossibilitar\u00e1 a cria\u00e7\u00e3o de um local padr\u00e3o e seguro para a execu\u00e7\u00e3o dos servi\u00e7os de transporte, abrangendo a regulamenta\u00e7\u00e3o de t\u00e1xis e moto-t\u00e1xis que operam na \u00e1rea.\u201d\r\n\r\nMelhoria da Acessibilidade e Conforto:\r\n\u201cProporcionar\u00e1 um ambiente mais estruturado, com infraestrutura apropriada e servi\u00e7os que garantem maior conforto e seguran\u00e7a aos passageiros.\u201d\r\n \r\nCrescimento e Planejamento Urbano\r\nAtendimento ao Crescimento Urbano:\r\n\u201cAssegurar\u00e1 que o munic\u00edpio disponha de uma infraestrutura de transporte que esteja em sintonia com o aumento da popula\u00e7\u00e3o e a demanda por mais servi\u00e7os.\u201d\r\n\r\nAcesso a Outras Regi\u00f5es:\r\n\u201cUm terminal bem projetado poder\u00e1 atrair mais linhas e companhias de \u00f4nibus, ampliando a conex\u00e3o do munic\u00edpio com outras cidades e regi\u00f5es.\u201d\r\n\r\nAgrade\u00e7o a aten\u00e7\u00e3o e me coloco \u00e0 disposi\u00e7\u00e3o para maiores esclarecimentos.\r\n\r\nAtenciosamente,\r\n\r\nJuares Dias Monteiro", 
            "kind": "sugestao", 
            "modification_date": "2026-02-05T14:14:40-02:00", 
            "responses": [
                {
                    "creator": "nat", 
                    "date": "2025-09-18T12:15:50.872293", 
                    "id": 1, 
                    "review_state": "Resolved", 
                    "text": "Caro(a) Sr.(a) Juares Dias Monteiro\r\n\r\nSegue em anexo a resposta do seu pedido/solicita\u00e7\u00e3o com os seguintes dados:\r\n\r\nT\u00edtulo: MINI DISTRITO INDUSTRIAL\r\n\r\nN\u00famero do protocolo: 20250903140948\r\n\r\nOuvidoria da C\u00e2mara Municipal de Nat\u00e9rcia - MG.\r\n\r\n"
                }, 
                {
                    "creator": "nat", 
                    "date": "2025-09-18T12:44:38.456865", 
                    "id": 2, 
                    "review_state": "Resolved", 
                    "text": "ERRATA\r\n\r\nPrezado(a) Sr.(a) Juares Dias Monteiro,\r\n\r\nEm aten\u00e7\u00e3o \u00e0 sua manifesta\u00e7\u00e3o acima registrada sob o protocolo n\u00ba 20250903140948, informamos que, por equ\u00edvoco material, o t\u00edtulo da solicita\u00e7\u00e3o foi encaminhado com a descri\u00e7\u00e3o \u201cMINI DISTRITO INDUSTRIAL\u201d.\r\n\r\nEsclarecemos que o t\u00edtulo correto \u00e9: \u201cTERMINAL RODOVI\u00c1RIO\u201d.\r\n\r\nPedimos desculpas pelo erro e reiteramos que a resposta ao seu pedido permanece v\u00e1lida, apenas com a devida corre\u00e7\u00e3o no t\u00edtulo acima mencionado.\r\n\r\nAtenciosamente,\r\n\r\nOuvidoria da C\u00e2mara Municipal de Nat\u00e9rcia - MG\r\n\r\n\r\n\r\n\r\n\r\n"
                }
            ], 
            "review_state": "resolved", 
            "rg": "MG2962419", 
            "title": "TERMINAL RODOVI\u00c1RIO", 
            "uri": "https://www.natercia.mg.leg.br/transparencia/ouvidoria-1/ouvidoria/20250903140948"
        }, 
        {
            "area": "plenario", 
            "captcha": "", 
            "cpf": "49563076672", 
            "creation_date": "2025-09-03T14:15:35-03:00", 
            "description": "Exmo. Senhor.\r\nSaulo R\u00e9gis de Vilas B\u00f4as\r\nPresidente da C\u00e2mara de Vereadores de Nat\u00e9rcia. \r\n\r\nExcelent\u00edssimo Senhor Presidente, \r\n\r\n          Ao cumpriment\u00e1-lo de maneira cordial, gostaria de sugerir a constru\u00e7\u00e3o de um Terminal Rodovi\u00e1rio em Nat\u00e9rcia.\r\n   \r\n          O Terminal Rodovi\u00e1rio desempenha um papel fundamental nas cidades ao coordenar o transporte coletivo, especialmente o intermunicipal e interestadual. Ele atua como um ponto de liga\u00e7\u00e3o entre diversos tipos de transporte e fomenta a economia local por meio do turismo e da facilita\u00e7\u00e3o de acesso a com\u00e9rcios e servi\u00e7os. Ele proporciona um local seguro e organizado para o embarque e desembarque de passageiros, contribuindo para a melhoria da mobilidade urbana. Quando adequadamente planejado, pode at\u00e9 se transformar em um marco e ponto de atra\u00e7\u00e3o para a cidade.\r\n\r\nJUSTIFICATIVAS:\r\nLevando em conta que esta obra \u00e9 fundamental para a cidade, pois proporcionar\u00e1 mais conforto para a popula\u00e7\u00e3o, que ter\u00e1 prote\u00e7\u00e3o contra as intemp\u00e9ries, como chuva, sol, frio, entre outros.\r\n\r\nMelhoria da Mobilidade Urbana\r\nDescongestionamento do Tr\u00e2nsito:\r\n\u201cCentralizar\u00e1 o fluxo de passageiros e \u00f4nibus, evitando o uso de pontos dispersos que podem gerar tr\u00e1fego e polui\u00e7\u00e3o em \u00e1reas urbanas centrais.\u201d\r\n\r\nOtimiza\u00e7\u00e3o do Transporte P\u00fablico:\r\n\u201cCriar\u00e1 um local apropriado para a parada de \u00f4nibus interurbanos, o que facilita o embarque e desembarque e melhora a qualidade do servi\u00e7o prestado \u00e0 popula\u00e7\u00e3o.\u201d\r\n\r\nDesenvolvimento Econ\u00f4mico e Tur\u00edstico \r\nEst\u00edmulo ao Com\u00e9rcio Local:\r\n\u201cO crescimento do fluxo de pessoas e visitantes resultar\u00e1 em uma maior demanda por produtos e servi\u00e7os, o que, por sua vez, estimula o com\u00e9rcio e a economia local.\u201d\r\n\r\nPromo\u00e7\u00e3o do Turismo:\r\n\u201cUm terminal bem organizado e situado poder\u00e1 atrair visitantes, promovendo as atra\u00e7\u00f5es tur\u00edsticas da cidade e fomentando o turismo.\u201d\r\n\r\nRegulamenta\u00e7\u00e3o e Organiza\u00e7\u00e3o\r\nRegulamenta\u00e7\u00e3o do Servi\u00e7o:\r\n\u201cPossibilitar\u00e1 a cria\u00e7\u00e3o de um local padr\u00e3o e seguro para a execu\u00e7\u00e3o dos servi\u00e7os de transporte, abrangendo a regulamenta\u00e7\u00e3o de t\u00e1xis e moto-t\u00e1xis que operam na \u00e1rea.\u201d\r\n\r\nMelhoria da Acessibilidade e Conforto:\r\n\u201cProporcionar\u00e1 um ambiente mais estruturado, com infraestrutura apropriada e servi\u00e7os que garantem maior conforto e seguran\u00e7a aos passageiros.\u201d\r\n \r\nCrescimento e Planejamento Urbano\r\nAtendimento ao Crescimento Urbano:\r\n\u201cAssegurar\u00e1 que o munic\u00edpio disponha de uma infraestrutura de transporte que esteja em sintonia com o aumento da popula\u00e7\u00e3o e a demanda por mais servi\u00e7os.\u201d\r\n\r\nAcesso a Outras Regi\u00f5es:\r\n\u201cUm terminal bem projetado poder\u00e1 atrair mais linhas e companhias de \u00f4nibus, ampliando a conex\u00e3o do munic\u00edpio com outras cidades e regi\u00f5es.\u201d\r\n\r\nAgrade\u00e7o a aten\u00e7\u00e3o e me coloco \u00e0 disposi\u00e7\u00e3o para maiores esclarecimentos.\r\n\r\nAtenciosamente,\r\n\r\nJuares Dias Monteiro", 
            "kind": "sugestao", 
            "modification_date": "2026-02-05T14:14:22-02:00", 
            "responses": [
                {
                    "creator": "nat", 
                    "date": "2025-09-18T12:24:48.559648", 
                    "id": 1, 
                    "review_state": "Resolved", 
                    "text": "Caro(a) Sr.(a) Juares Dias Monteiro\r\n\r\nSegue em anexo a resposta do seu pedido/solicita\u00e7\u00e3o com os seguintes dados:\r\n\r\nT\u00edtulo: MINI DISTRITO INDUSTRIAL\r\n\r\nN\u00famero do protocolo: 20250903141535\r\n\r\nOuvidoria da C\u00e2mara Municipal de Nat\u00e9rcia - MG.\r\n"
                }, 
                {
                    "creator": "nat", 
                    "date": "2025-09-18T12:46:11.847703", 
                    "id": 2, 
                    "review_state": "Resolved", 
                    "text": "ERRATA\r\n\r\nPrezado(a) Sr.(a) Juares Dias Monteiro,\r\n\r\nEm aten\u00e7\u00e3o \u00e0 sua manifesta\u00e7\u00e3o registrada sob o protocolo n\u00ba 20250903141535, informamos que, por equ\u00edvoco material, o t\u00edtulo da solicita\u00e7\u00e3o foi encaminhado com a descri\u00e7\u00e3o \u201cMINI DISTRITO INDUSTRIAL\u201d.\r\n\r\nEsclarecemos que o t\u00edtulo correto \u00e9: \u201cTERMINAL RODOVI\u00c1RIO\u201d.\r\n\r\nPedimos desculpas pelo erro e reiteramos que a resposta ao seu pedido permanece v\u00e1lida, apenas com a devida corre\u00e7\u00e3o no t\u00edtulo acima mencionado.\r\n\r\nAtenciosamente,\r\n\r\nOuvidoria da C\u00e2mara Municipal de Nat\u00e9rcia - MG"
                }
            ], 
            "review_state": "resolved", 
            "rg": "MG2962419", 
            "title": "TERMINAL RODOVI\u00c1RIO", 
            "uri": "https://www.natercia.mg.leg.br/transparencia/ouvidoria-1/ouvidoria/20250903141535"
        }, 
        {
            "area": "controle-interno-e-ouvidoria", 
            "captcha": "", 
            "cpf": "49563076672", 
            "creation_date": "2025-09-04T01:15:26-03:00", 
            "description": "Exmo. Senhor .\r\nSaulo R\u00e9gis de Vilas B\u00f4as\r\nPresidente da C\u00e2mara de Vereadores de Nat\u00e9rcia. \r\n\r\nExcelent\u00edssimo Senhor Presidente,\r\n \r\nAo cumpriment\u00e1-lo cordialmente, venho por meio desta solicitar que avalie a possibilidade de criar e implantar um mini distrito industrial em Nat\u00e9rcia.\r\n\r\n\u201cA cria\u00e7\u00e3o e implanta\u00e7\u00e3o de um mini distrito industrial implica na defini\u00e7\u00e3o de uma \u00e1rea espec\u00edfica e planejada para a instala\u00e7\u00e3o de pequenas e m\u00e9dias empresas, visando fomentar o crescimento econ\u00f4mico local, incentivar a coopera\u00e7\u00e3o entre os neg\u00f3cios e otimizar recursos. O processo abrange a determina\u00e7\u00e3o da localiza\u00e7\u00e3o e infraestrutura (lotes), a oferta de servi\u00e7os de apoio, como terraplanagem e incentivos fiscais, al\u00e9m da promo\u00e7\u00e3o de um ambiente prop\u00edcio para a intera\u00e7\u00e3o social e produtiva entre as empresas.\u201d\r\n\r\nPassos para Implanta\u00e7\u00e3o de um Mini Distrito Industrial\r\n1. An\u00e1lise de Viabilidade e Planejamento:\r\n\u201cRealizar um estudo para determinar a viabilidade econ\u00f4mica e log\u00edstica da implanta\u00e7\u00e3o da \u00e1rea. \u201c\r\n\r\n\u201cDefinir os objetivos do mini distrito, como a atra\u00e7\u00e3o de empresas de um setor espec\u00edfico ou o suporte a micro e pequenas ind\u00fastrias.\u201d \r\n\r\n2. Sele\u00e7\u00e3o da \u00c1rea e Infraestrutura:\r\n\u201cIdentificar um terreno de propriedade do munic\u00edpio ou que possa ser adquirido/cedido.\u201d \r\n\r\n\u201cOrganizar a infraestrutura necess\u00e1ria para a instala\u00e7\u00e3o de empresas, o que poder\u00e1 incluir lotes de menor metragem.\u201d \r\n\r\n3. Desenvolvimento e Servi\u00e7os de Apoio:\r\nProver servi\u00e7os essenciais, como terraplenagem, para facilitar a instala\u00e7\u00e3o das empresas.\r\n \r\nEstabelecer conv\u00eanios com institui\u00e7\u00f5es federais, estaduais e privadas para oferecer suporte t\u00e9cnico e forma\u00e7\u00e3o de m\u00e3o de obra. \r\n\r\n4. Incentivos e Legisla\u00e7\u00e3o:\r\nCriar um modelo de regula\u00e7\u00e3o territorial que inclua incentivos, como isen\u00e7\u00e3o de tributos municipais, para atrair e reter empresas. \r\n\r\nDefinir as regras para a cess\u00e3o de uso ou at\u00e9 mesmo a doa\u00e7\u00e3o de \u00e1reas para empresas, conforme a legisla\u00e7\u00e3o local. \r\n\r\nBenef\u00edcios\r\n5.Economia de Escala:\r\nEmpresas poder\u00e3o reduzir custos atrav\u00e9s da colabora\u00e7\u00e3o e da partilha de servi\u00e7os e insumos.\r\n \r\n6.Desenvolvimento Econ\u00f3mico:\r\nPromover\u00e1 a gera\u00e7\u00e3o de empregos e o estabelecimento de uma rede de conex\u00f5es entre empresas do mesmo setor ou de setores distintos.\r\n\r\n7.Melhora na Log\u00edstica:\r\nA localiza\u00e7\u00e3o estrat\u00e9gica em um distrito planejado facilitar\u00e1 o fluxo de mercadorias e a colabora\u00e7\u00e3o. \r\n\r\nJUSTIFICATIVAS:\r\nA cria\u00e7\u00e3o de um mini distrito facilitar\u00e1 a instala\u00e7\u00e3o de empresas, o que impulsionar\u00e1 a cria\u00e7\u00e3o de novos postos de trabalho e o aumento dos sal\u00e1rios, contribuindo para uma distribui\u00e7\u00e3o de renda mais equilibrada no munic\u00edpio.\r\n\r\nUm mini distrito industrial bem estruturado e planejado atrair\u00e1 novos investimentos, o que impulsiona o crescimento do setor produtivo e aumenta a receita de impostos municipais.\r\n\r\nDevido \u00e0 sua agilidade, as pequenas empresas conseguem se adaptar mais facilmente \u00e0s mudan\u00e7as do mercado, o que eleva a flexibilidade e a capacidade de resposta da economia local \u00e0s novas tend\u00eancias.\r\n\r\nAo agrupar empresas num espa\u00e7o planejado, a infraestrutura e os servi\u00e7os log\u00edsticos poder\u00e3o ser mais eficientes, reduzindo custos e facilitando o fluxo de produ\u00e7\u00e3o e distribui\u00e7\u00e3o. \r\n\r\nA cria\u00e7\u00e3o de um mini distrito industrial contribuir\u00e1 para a organiza\u00e7\u00e3o e direcionamento das atividades industriais para regi\u00f5es espec\u00edficas, prevenindo o crescimento desordenado e aprimorando a coexist\u00eancia entre zonas residenciais e industriais. \r\n\r\nAgrade\u00e7o a aten\u00e7\u00e3o e me coloco \u00e0 disposi\u00e7\u00e3o para maiores esclarecimentos.\r\n\r\nAtenciosamente,\r\n\r\nJuares Dias Monteiro", 
            "kind": "sugestao", 
            "modification_date": "2026-02-05T14:13:41-02:00", 
            "responses": [
                {
                    "creator": "nat", 
                    "date": "2025-09-18T12:32:09.594200", 
                    "id": 1, 
                    "review_state": "Resolved", 
                    "text": "Caro(a) Sr.(a) Juares Dias Monteiro\r\n\r\nSegue em anexo a resposta do seu pedido/solicita\u00e7\u00e3o com os seguintes dados:\r\n\r\nT\u00edtulo: MINI DISTRITO INDUSTRIAL\r\n\r\nN\u00famero do protocolo: 20250904011526\r\n\r\nOuvidoria da C\u00e2mara Municipal de Nat\u00e9rcia - MG."
                }
            ], 
            "review_state": "resolved", 
            "rg": "MG 2 962419", 
            "title": "MINI DISTRITO INDUSTRIAL", 
            "uri": "https://www.natercia.mg.leg.br/transparencia/ouvidoria-1/ouvidoria/20250904011526"
        }, 
        {
            "area": "controle-interno-e-ouvidoria", 
            "captcha": "", 
            "cpf": "49563076672", 
            "creation_date": "2025-10-08T19:27:37-03:00", 
            "description": "Exmo. Senhor \r\nSaulo R\u00e9gis de Vilas B\u00f4as\r\nPresidente da C\u00e2mara de Vereadores de Nat\u00e9rcia. \r\n\r\nExcelent\u00edssimo Senhor Presidente, \r\n\r\n        Ao cumpriment\u00e1-lo cordialmente, gostaria de propor que as C\u00e2maras Municipais de Nat\u00e9rcia e S\u00e3o Sebasti\u00e3o da Bela Vista realizem um debate sobre a possibilidade de se criar um trem tur\u00edstico. Ademais, solicito que pe\u00e7am \u00e0 Secretaria de Estado de Infraestrutura e Mobilidade (SEINFRA) que conduza uma an\u00e1lise sobre a viabilidade dessa proposta entre os dois munic\u00edpios.\r\n\r\nJustificativas:\r\nPreserva\u00e7\u00e3o do Patrim\u00f4nio: \r\n\u201cO trem tur\u00edstico servir\u00e1 como um instrumento para preservar e manter viva a hist\u00f3ria das ferrovias, que constituem um relevante patrim\u00f4nio cultural e material do pa\u00eds.\u201d\r\n\r\nExperi\u00eancia Cultural: \r\n \u201cViajar de trem, especialmente um a vapor, oferecer\u00e1 aos turistas uma experi\u00eancia singular, permitindo que experimentem um pouco do cotidiano e da emo\u00e7\u00e3o do passado, al\u00e9m de aprenderem sobre a hist\u00f3ria e as paisagens locais.\u201d\r\n\r\nDesenvolvimento Econ\u00f4mico e Tur\u00edstico: \r\n \u201cA implanta\u00e7\u00e3o do trem tur\u00edstico ter\u00e1 o potencial de impulsionar a economia local, atraindo visitantes e criando novas oportunidades de neg\u00f3cios e empregos, al\u00e9m de fomentar um turismo mais respons\u00e1vel e sustent\u00e1vel.\u201d\r\n\r\nEduca\u00e7\u00e3o e Conscientiza\u00e7\u00e3o: \r\n \u201cO passeio poder\u00e1 incluir atividades educativas e recreativas, como demonstra\u00e7\u00f5es do funcionamento de locomotivas a vapor, informa\u00e7\u00f5es sobre a hist\u00f3ria da ferrovia e conscientiza\u00e7\u00e3o sobre a import\u00e2ncia da preserva\u00e7\u00e3o ambiental.\u201d\r\n\r\nAtrativo Diferenciado: \r\n\u201cO passeio de trem proporcionar\u00e1 uma maneira segura, exclusiva e com vistas privilegiadas para apreciar a paisagem, destacando-se em compara\u00e7\u00e3o com outros meios de transporte.\u201d\r\n\r\nAgrade\u00e7o a aten\u00e7\u00e3o e me coloco \u00e0 disposi\u00e7\u00e3o para maiores esclarecimentos.\r\n\r\nAtenciosamente,\r\n\r\nJuares Dias Monteiro", 
            "kind": "sugestao", 
            "modification_date": "2026-02-05T14:14:11-02:00", 
            "responses": [
                {
                    "creator": "nat", 
                    "date": "2025-10-23T13:44:38.859136", 
                    "id": 1, 
                    "review_state": "Resolved", 
                    "text": "Caro(a) Sr.(a) Juares Dias Monteiro\r\n\r\nSegue em anexo a resposta do seu pedido/solicita\u00e7\u00e3o com os seguintes dados:\r\n\r\nT\u00edtulo: CRIA\u00c7\u00c3O DE UM TREM TUR\u00cdSTICO\r\n\r\nN\u00famero do protocolo: 20251008192737\r\n\r\nAtenciosamente,\r\n\r\nOuvidoria da C\u00e2mara Municipal de Nat\u00e9rcia - MG."
                }
            ], 
            "review_state": "resolved", 
            "rg": "MG 2 962419", 
            "title": "CRIA\u00c7\u00c3O DE UM TREM TUR\u00cdSTICO", 
            "uri": "https://www.natercia.mg.leg.br/transparencia/ouvidoria-1/ouvidoria/20251008192737"
        }, 
        {
            "area": "controle-interno-e-ouvidoria", 
            "captcha": "", 
            "cpf": "495.630.766-72", 
            "creation_date": "2025-12-18T14:38:49-02:00", 
            "description": "Exmo. Senhor .\r\nSaulo R\u00e9gis de Vilas Boas\r\nPresidente da C\u00e2mara de Vereadores de Nat\u00e9rcia. \r\n\r\nExcelent\u00edssimo Senhor Presidente, \r\n\r\n           Por meio deste documento, venho de forma cordial solicitar que seja encaminhada uma sugest\u00e3o ao Poder Executivo Municipal visando a institui\u00e7\u00e3o do \u201cDia Municipal da Cultura Flashback\u201d em Nat\u00e9rcia.   \r\n\r\nJUSTIFICATIVAS:\r\nResgate e Preserva\u00e7\u00e3o da Mem\u00f3ria Coletiva: A data tem como finalidade valorizar e celebrar as manifesta\u00e7\u00f5es culturais, musicais e art\u00edsticas das d\u00e9cadas passadas (como as de 60, 70, 80 e 90), que influenciaram as gera\u00e7\u00f5es e permanecem na mem\u00f3ria do povo.\r\n\r\nFortalecimento da Identidade Cultural e Lazer: A cultura flashback n\u00e3o se limita \u00e0 m\u00fasica; abrange dan\u00e7a, moda, colecionismo e intera\u00e7\u00e3o social. Definir um dia oficial incentivar\u00e1 a realiza\u00e7\u00e3o de eventos tem\u00e1ticos acess\u00edveis, oferecendo lazer e entretenimento de qualidade para todas as idades. Isso fortalecer\u00e1 o senso de pertencimento e a identidade cultural da regi\u00e3o.\r\n\r\nPromo\u00e7\u00e3o do Di\u00e1logo Intergeracional: Eventos de flashback oferecem um ambiente de encontro para que diferentes gera\u00e7\u00f5es possam compartilhar experi\u00eancias e hist\u00f3rias, unindo jovens, adultos e idosos em torno de interesses comuns e mem\u00f3rias afetivas.\r\n\r\nFomento ao Turismo e Economia Local: A inclus\u00e3o do evento no calend\u00e1rio oficial da cidade poder\u00e1 atrair visitantes de cidades vizinhas e at\u00e9 de outras \u00e1reas interessadas na cultura flashback. Isso estimular\u00e1 a economia local, beneficiando o com\u00e9rcio e o setor de servi\u00e7os, incluindo hot\u00e9is e restaurantes, al\u00e9m de proporcionar ganhos para artistas e profissionais envolvidos, como DJs, dan\u00e7arinos e organizadores de eventos.\r\n\r\nOcupa\u00e7\u00e3o de Espa\u00e7os P\u00fablicos: A celebra\u00e7\u00e3o do dia incentivar\u00e1 a utiliza\u00e7\u00e3o de pra\u00e7as e parques para atividades culturais e art\u00edsticas, promovendo a integra\u00e7\u00e3o comunit\u00e1ria e o bem-estar social. \r\n\r\nAgrade\u00e7o pela aten\u00e7\u00e3o e estou \u00e0 disposi\u00e7\u00e3o para fornecer mais informa\u00e7\u00f5es, caso seja necess\u00e1rio.\r\n\r\nAtenciosamente,\r\n\r\n\r\nJuares Dias Monteiro", 
            "kind": "sugestao", 
            "modification_date": "2026-02-05T14:13:52-02:00", 
            "responses": [
                {
                    "creator": "nat", 
                    "date": "2026-01-06T14:27:52.224538", 
                    "id": 1, 
                    "review_state": "Resolved", 
                    "text": "Caro(a) Sr.(a) Juares Dias Monteiro\r\n\r\nSegue em anexo a resposta do seu pedido/solicita\u00e7\u00e3o com os seguintes dados:\r\n\r\nT\u00edtulo: \u201cDia Municipal da Cultura Flashback\u201d\r\nN\u00famero do protocolo: 20251218143849\r\n\r\nAtenciosamente,\r\nOuvidoria da C\u00e2mara Municipal de Nat\u00e9rcia - MG.\r\n"
                }
            ], 
            "review_state": "resolved", 
            "rg": "MG 2 962419", 
            "title": "\u201cDia Municipal da Cultura Flashback\u201d", 
            "uri": "https://www.natercia.mg.leg.br/transparencia/ouvidoria-1/ouvidoria/20251218143849"
        }, 
        {
            "area": "controle-interno-e-ouvidoria", 
            "captcha": "", 
            "cpf": "49563076672", 
            "creation_date": "2025-09-03T14:09:48-03:00", 
            "description": "Exmo. Senhor.\r\nSaulo R\u00e9gis de Vilas B\u00f4as\r\nPresidente da C\u00e2mara de Vereadores de Nat\u00e9rcia. \r\n\r\nExcelent\u00edssimo Senhor Presidente, \r\n\r\n        Ao cumpriment\u00e1-lo de maneira cordial, gostaria de sugerir a constru\u00e7\u00e3o de um Terminal Rodovi\u00e1rio em Nat\u00e9rcia.\r\n   \r\n        O Terminal Rodovi\u00e1rio desempenha um papel fundamental nas cidades ao coordenar o transporte coletivo, especialmente o intermunicipal e interestadual. Ele atua como um ponto de liga\u00e7\u00e3o entre diversos tipos de transporte e fomenta a economia local por meio do turismo e da facilita\u00e7\u00e3o de acesso a com\u00e9rcios e servi\u00e7os. Ele proporciona um local seguro e organizado para o embarque e desembarque de passageiros, contribuindo para a melhoria da mobilidade urbana. Quando adequadamente planejado, pode at\u00e9 se transformar em um marco e ponto de atra\u00e7\u00e3o para a cidade.\r\n\r\nJUSTIFICATIVAS:\r\nLevando em conta que esta obra \u00e9 fundamental para a cidade, pois proporcionar\u00e1 mais conforto para a popula\u00e7\u00e3o, que ter\u00e1 prote\u00e7\u00e3o contra as intemp\u00e9ries, como chuva, sol, frio, entre outros.\r\n\r\nMelhoria da Mobilidade Urbana\r\nDescongestionamento do Tr\u00e2nsito:\r\n\u201cCentralizar\u00e1 o fluxo de passageiros e \u00f4nibus, evitando o uso de pontos dispersos que podem gerar tr\u00e1fego e polui\u00e7\u00e3o em \u00e1reas urbanas centrais.\u201d\r\n\r\nOtimiza\u00e7\u00e3o do Transporte P\u00fablico:\r\n\u201cCriar\u00e1 um local apropriado para a parada de \u00f4nibus interurbanos, o que facilita o embarque e desembarque e melhora a qualidade do servi\u00e7o prestado \u00e0 popula\u00e7\u00e3o.\u201d\r\n\r\nDesenvolvimento Econ\u00f4mico e Tur\u00edstico \r\nEst\u00edmulo ao Com\u00e9rcio Local:\r\n\u201cO crescimento do fluxo de pessoas e visitantes resultar\u00e1 em uma maior demanda por produtos e servi\u00e7os, o que, por sua vez, estimula o com\u00e9rcio e a economia local.\u201d\r\n\r\nPromo\u00e7\u00e3o do Turismo:\r\n\u201cUm terminal bem organizado e situado poder\u00e1 atrair visitantes, promovendo as atra\u00e7\u00f5es tur\u00edsticas da cidade e fomentando o turismo.\u201d\r\n\r\nRegulamenta\u00e7\u00e3o e Organiza\u00e7\u00e3o\r\nRegulamenta\u00e7\u00e3o do Servi\u00e7o:\r\n\u201cPossibilitar\u00e1 a cria\u00e7\u00e3o de um local padr\u00e3o e seguro para a execu\u00e7\u00e3o dos servi\u00e7os de transporte, abrangendo a regulamenta\u00e7\u00e3o de t\u00e1xis e moto-t\u00e1xis que operam na \u00e1rea.\u201d\r\n\r\nMelhoria da Acessibilidade e Conforto:\r\n\u201cProporcionar\u00e1 um ambiente mais estruturado, com infraestrutura apropriada e servi\u00e7os que garantem maior conforto e seguran\u00e7a aos passageiros.\u201d\r\n \r\nCrescimento e Planejamento Urbano\r\nAtendimento ao Crescimento Urbano:\r\n\u201cAssegurar\u00e1 que o munic\u00edpio disponha de uma infraestrutura de transporte que esteja em sintonia com o aumento da popula\u00e7\u00e3o e a demanda por mais servi\u00e7os.\u201d\r\n\r\nAcesso a Outras Regi\u00f5es:\r\n\u201cUm terminal bem projetado poder\u00e1 atrair mais linhas e companhias de \u00f4nibus, ampliando a conex\u00e3o do munic\u00edpio com outras cidades e regi\u00f5es.\u201d\r\n\r\nAgrade\u00e7o a aten\u00e7\u00e3o e me coloco \u00e0 disposi\u00e7\u00e3o para maiores esclarecimentos.\r\n\r\nAtenciosamente,\r\n\r\nJuares Dias Monteiro", 
            "kind": "sugestao", 
            "modification_date": "2025-09-18T12:44:38-03:00", 
            "responses": [
                {
                    "creator": "nat", 
                    "date": "2025-09-18T12:15:50.872293", 
                    "id": 1, 
                    "review_state": "Resolved", 
                    "text": "Caro(a) Sr.(a) Juares Dias Monteiro\r\n\r\nSegue em anexo a resposta do seu pedido/solicita\u00e7\u00e3o com os seguintes dados:\r\n\r\nT\u00edtulo: MINI DISTRITO INDUSTRIAL\r\n\r\nN\u00famero do protocolo: 20250903140948\r\n\r\nOuvidoria da C\u00e2mara Municipal de Nat\u00e9rcia - MG.\r\n\r\n"
                }, 
                {
                    "creator": "nat", 
                    "date": "2025-09-18T12:44:38.456865", 
                    "id": 2, 
                    "review_state": "Resolved", 
                    "text": "ERRATA\r\n\r\nPrezado(a) Sr.(a) Juares Dias Monteiro,\r\n\r\nEm aten\u00e7\u00e3o \u00e0 sua manifesta\u00e7\u00e3o acima registrada sob o protocolo n\u00ba 20250903140948, informamos que, por equ\u00edvoco material, o t\u00edtulo da solicita\u00e7\u00e3o foi encaminhado com a descri\u00e7\u00e3o \u201cMINI DISTRITO INDUSTRIAL\u201d.\r\n\r\nEsclarecemos que o t\u00edtulo correto \u00e9: \u201cTERMINAL RODOVI\u00c1RIO\u201d.\r\n\r\nPedimos desculpas pelo erro e reiteramos que a resposta ao seu pedido permanece v\u00e1lida, apenas com a devida corre\u00e7\u00e3o no t\u00edtulo acima mencionado.\r\n\r\nAtenciosamente,\r\n\r\nOuvidoria da C\u00e2mara Municipal de Nat\u00e9rcia - MG\r\n\r\n\r\n\r\n\r\n\r\n"
                }
            ], 
            "review_state": "resolved", 
            "rg": "MG2962419", 
            "title": "TERMINAL RODOVI\u00c1RIO", 
            "uri": "https://www.natercia.mg.leg.br/transparencia/ouvidoria-1/arquivos-nao-publicados/ouvidoria/20250903140948"
        }, 
        {
            "area": "plenario", 
            "captcha": "", 
            "cpf": "49563076672", 
            "creation_date": "2025-09-03T14:15:35-03:00", 
            "description": "Exmo. Senhor.\r\nSaulo R\u00e9gis de Vilas B\u00f4as\r\nPresidente da C\u00e2mara de Vereadores de Nat\u00e9rcia. \r\n\r\nExcelent\u00edssimo Senhor Presidente, \r\n\r\n          Ao cumpriment\u00e1-lo de maneira cordial, gostaria de sugerir a constru\u00e7\u00e3o de um Terminal Rodovi\u00e1rio em Nat\u00e9rcia.\r\n   \r\n          O Terminal Rodovi\u00e1rio desempenha um papel fundamental nas cidades ao coordenar o transporte coletivo, especialmente o intermunicipal e interestadual. Ele atua como um ponto de liga\u00e7\u00e3o entre diversos tipos de transporte e fomenta a economia local por meio do turismo e da facilita\u00e7\u00e3o de acesso a com\u00e9rcios e servi\u00e7os. Ele proporciona um local seguro e organizado para o embarque e desembarque de passageiros, contribuindo para a melhoria da mobilidade urbana. Quando adequadamente planejado, pode at\u00e9 se transformar em um marco e ponto de atra\u00e7\u00e3o para a cidade.\r\n\r\nJUSTIFICATIVAS:\r\nLevando em conta que esta obra \u00e9 fundamental para a cidade, pois proporcionar\u00e1 mais conforto para a popula\u00e7\u00e3o, que ter\u00e1 prote\u00e7\u00e3o contra as intemp\u00e9ries, como chuva, sol, frio, entre outros.\r\n\r\nMelhoria da Mobilidade Urbana\r\nDescongestionamento do Tr\u00e2nsito:\r\n\u201cCentralizar\u00e1 o fluxo de passageiros e \u00f4nibus, evitando o uso de pontos dispersos que podem gerar tr\u00e1fego e polui\u00e7\u00e3o em \u00e1reas urbanas centrais.\u201d\r\n\r\nOtimiza\u00e7\u00e3o do Transporte P\u00fablico:\r\n\u201cCriar\u00e1 um local apropriado para a parada de \u00f4nibus interurbanos, o que facilita o embarque e desembarque e melhora a qualidade do servi\u00e7o prestado \u00e0 popula\u00e7\u00e3o.\u201d\r\n\r\nDesenvolvimento Econ\u00f4mico e Tur\u00edstico \r\nEst\u00edmulo ao Com\u00e9rcio Local:\r\n\u201cO crescimento do fluxo de pessoas e visitantes resultar\u00e1 em uma maior demanda por produtos e servi\u00e7os, o que, por sua vez, estimula o com\u00e9rcio e a economia local.\u201d\r\n\r\nPromo\u00e7\u00e3o do Turismo:\r\n\u201cUm terminal bem organizado e situado poder\u00e1 atrair visitantes, promovendo as atra\u00e7\u00f5es tur\u00edsticas da cidade e fomentando o turismo.\u201d\r\n\r\nRegulamenta\u00e7\u00e3o e Organiza\u00e7\u00e3o\r\nRegulamenta\u00e7\u00e3o do Servi\u00e7o:\r\n\u201cPossibilitar\u00e1 a cria\u00e7\u00e3o de um local padr\u00e3o e seguro para a execu\u00e7\u00e3o dos servi\u00e7os de transporte, abrangendo a regulamenta\u00e7\u00e3o de t\u00e1xis e moto-t\u00e1xis que operam na \u00e1rea.\u201d\r\n\r\nMelhoria da Acessibilidade e Conforto:\r\n\u201cProporcionar\u00e1 um ambiente mais estruturado, com infraestrutura apropriada e servi\u00e7os que garantem maior conforto e seguran\u00e7a aos passageiros.\u201d\r\n \r\nCrescimento e Planejamento Urbano\r\nAtendimento ao Crescimento Urbano:\r\n\u201cAssegurar\u00e1 que o munic\u00edpio disponha de uma infraestrutura de transporte que esteja em sintonia com o aumento da popula\u00e7\u00e3o e a demanda por mais servi\u00e7os.\u201d\r\n\r\nAcesso a Outras Regi\u00f5es:\r\n\u201cUm terminal bem projetado poder\u00e1 atrair mais linhas e companhias de \u00f4nibus, ampliando a conex\u00e3o do munic\u00edpio com outras cidades e regi\u00f5es.\u201d\r\n\r\nAgrade\u00e7o a aten\u00e7\u00e3o e me coloco \u00e0 disposi\u00e7\u00e3o para maiores esclarecimentos.\r\n\r\nAtenciosamente,\r\n\r\nJuares Dias Monteiro", 
            "kind": "sugestao", 
            "modification_date": "2025-09-18T12:46:11-03:00", 
            "responses": [
                {
                    "creator": "nat", 
                    "date": "2025-09-18T12:24:48.559648", 
                    "id": 1, 
                    "review_state": "Resolved", 
                    "text": "Caro(a) Sr.(a) Juares Dias Monteiro\r\n\r\nSegue em anexo a resposta do seu pedido/solicita\u00e7\u00e3o com os seguintes dados:\r\n\r\nT\u00edtulo: MINI DISTRITO INDUSTRIAL\r\n\r\nN\u00famero do protocolo: 20250903141535\r\n\r\nOuvidoria da C\u00e2mara Municipal de Nat\u00e9rcia - MG.\r\n"
                }, 
                {
                    "creator": "nat", 
                    "date": "2025-09-18T12:46:11.847703", 
                    "id": 2, 
                    "review_state": "Resolved", 
                    "text": "ERRATA\r\n\r\nPrezado(a) Sr.(a) Juares Dias Monteiro,\r\n\r\nEm aten\u00e7\u00e3o \u00e0 sua manifesta\u00e7\u00e3o registrada sob o protocolo n\u00ba 20250903141535, informamos que, por equ\u00edvoco material, o t\u00edtulo da solicita\u00e7\u00e3o foi encaminhado com a descri\u00e7\u00e3o \u201cMINI DISTRITO INDUSTRIAL\u201d.\r\n\r\nEsclarecemos que o t\u00edtulo correto \u00e9: \u201cTERMINAL RODOVI\u00c1RIO\u201d.\r\n\r\nPedimos desculpas pelo erro e reiteramos que a resposta ao seu pedido permanece v\u00e1lida, apenas com a devida corre\u00e7\u00e3o no t\u00edtulo acima mencionado.\r\n\r\nAtenciosamente,\r\n\r\nOuvidoria da C\u00e2mara Municipal de Nat\u00e9rcia - MG"
                }
            ], 
            "review_state": "resolved", 
            "rg": "MG2962419", 
            "title": "TERMINAL RODOVI\u00c1RIO", 
            "uri": "https://www.natercia.mg.leg.br/transparencia/ouvidoria-1/arquivos-nao-publicados/ouvidoria/20250903141535"
        }, 
        {
            "area": "controle-interno-e-ouvidoria", 
            "captcha": "", 
            "cpf": "49563076672", 
            "creation_date": "2025-09-04T01:15:26-03:00", 
            "description": "Exmo. Senhor .\r\nSaulo R\u00e9gis de Vilas B\u00f4as\r\nPresidente da C\u00e2mara de Vereadores de Nat\u00e9rcia. \r\n\r\nExcelent\u00edssimo Senhor Presidente,\r\n \r\nAo cumpriment\u00e1-lo cordialmente, venho por meio desta solicitar que avalie a possibilidade de criar e implantar um mini distrito industrial em Nat\u00e9rcia.\r\n\r\n\u201cA cria\u00e7\u00e3o e implanta\u00e7\u00e3o de um mini distrito industrial implica na defini\u00e7\u00e3o de uma \u00e1rea espec\u00edfica e planejada para a instala\u00e7\u00e3o de pequenas e m\u00e9dias empresas, visando fomentar o crescimento econ\u00f4mico local, incentivar a coopera\u00e7\u00e3o entre os neg\u00f3cios e otimizar recursos. O processo abrange a determina\u00e7\u00e3o da localiza\u00e7\u00e3o e infraestrutura (lotes), a oferta de servi\u00e7os de apoio, como terraplanagem e incentivos fiscais, al\u00e9m da promo\u00e7\u00e3o de um ambiente prop\u00edcio para a intera\u00e7\u00e3o social e produtiva entre as empresas.\u201d\r\n\r\nPassos para Implanta\u00e7\u00e3o de um Mini Distrito Industrial\r\n1. An\u00e1lise de Viabilidade e Planejamento:\r\n\u201cRealizar um estudo para determinar a viabilidade econ\u00f4mica e log\u00edstica da implanta\u00e7\u00e3o da \u00e1rea. \u201c\r\n\r\n\u201cDefinir os objetivos do mini distrito, como a atra\u00e7\u00e3o de empresas de um setor espec\u00edfico ou o suporte a micro e pequenas ind\u00fastrias.\u201d \r\n\r\n2. Sele\u00e7\u00e3o da \u00c1rea e Infraestrutura:\r\n\u201cIdentificar um terreno de propriedade do munic\u00edpio ou que possa ser adquirido/cedido.\u201d \r\n\r\n\u201cOrganizar a infraestrutura necess\u00e1ria para a instala\u00e7\u00e3o de empresas, o que poder\u00e1 incluir lotes de menor metragem.\u201d \r\n\r\n3. Desenvolvimento e Servi\u00e7os de Apoio:\r\nProver servi\u00e7os essenciais, como terraplenagem, para facilitar a instala\u00e7\u00e3o das empresas.\r\n \r\nEstabelecer conv\u00eanios com institui\u00e7\u00f5es federais, estaduais e privadas para oferecer suporte t\u00e9cnico e forma\u00e7\u00e3o de m\u00e3o de obra. \r\n\r\n4. Incentivos e Legisla\u00e7\u00e3o:\r\nCriar um modelo de regula\u00e7\u00e3o territorial que inclua incentivos, como isen\u00e7\u00e3o de tributos municipais, para atrair e reter empresas. \r\n\r\nDefinir as regras para a cess\u00e3o de uso ou at\u00e9 mesmo a doa\u00e7\u00e3o de \u00e1reas para empresas, conforme a legisla\u00e7\u00e3o local. \r\n\r\nBenef\u00edcios\r\n5.Economia de Escala:\r\nEmpresas poder\u00e3o reduzir custos atrav\u00e9s da colabora\u00e7\u00e3o e da partilha de servi\u00e7os e insumos.\r\n \r\n6.Desenvolvimento Econ\u00f3mico:\r\nPromover\u00e1 a gera\u00e7\u00e3o de empregos e o estabelecimento de uma rede de conex\u00f5es entre empresas do mesmo setor ou de setores distintos.\r\n\r\n7.Melhora na Log\u00edstica:\r\nA localiza\u00e7\u00e3o estrat\u00e9gica em um distrito planejado facilitar\u00e1 o fluxo de mercadorias e a colabora\u00e7\u00e3o. \r\n\r\nJUSTIFICATIVAS:\r\nA cria\u00e7\u00e3o de um mini distrito facilitar\u00e1 a instala\u00e7\u00e3o de empresas, o que impulsionar\u00e1 a cria\u00e7\u00e3o de novos postos de trabalho e o aumento dos sal\u00e1rios, contribuindo para uma distribui\u00e7\u00e3o de renda mais equilibrada no munic\u00edpio.\r\n\r\nUm mini distrito industrial bem estruturado e planejado atrair\u00e1 novos investimentos, o que impulsiona o crescimento do setor produtivo e aumenta a receita de impostos municipais.\r\n\r\nDevido \u00e0 sua agilidade, as pequenas empresas conseguem se adaptar mais facilmente \u00e0s mudan\u00e7as do mercado, o que eleva a flexibilidade e a capacidade de resposta da economia local \u00e0s novas tend\u00eancias.\r\n\r\nAo agrupar empresas num espa\u00e7o planejado, a infraestrutura e os servi\u00e7os log\u00edsticos poder\u00e3o ser mais eficientes, reduzindo custos e facilitando o fluxo de produ\u00e7\u00e3o e distribui\u00e7\u00e3o. \r\n\r\nA cria\u00e7\u00e3o de um mini distrito industrial contribuir\u00e1 para a organiza\u00e7\u00e3o e direcionamento das atividades industriais para regi\u00f5es espec\u00edficas, prevenindo o crescimento desordenado e aprimorando a coexist\u00eancia entre zonas residenciais e industriais. \r\n\r\nAgrade\u00e7o a aten\u00e7\u00e3o e me coloco \u00e0 disposi\u00e7\u00e3o para maiores esclarecimentos.\r\n\r\nAtenciosamente,\r\n\r\nJuares Dias Monteiro", 
            "kind": "sugestao", 
            "modification_date": "2025-09-18T12:33:39-03:00", 
            "responses": [
                {
                    "creator": "nat", 
                    "date": "2025-09-18T12:32:09.594200", 
                    "id": 1, 
                    "review_state": "Resolved", 
                    "text": "Caro(a) Sr.(a) Juares Dias Monteiro\r\n\r\nSegue em anexo a resposta do seu pedido/solicita\u00e7\u00e3o com os seguintes dados:\r\n\r\nT\u00edtulo: MINI DISTRITO INDUSTRIAL\r\n\r\nN\u00famero do protocolo: 20250904011526\r\n\r\nOuvidoria da C\u00e2mara Municipal de Nat\u00e9rcia - MG."
                }
            ], 
            "review_state": "resolved", 
            "rg": "MG 2 962419", 
            "title": "MINI DISTRITO INDUSTRIAL", 
            "uri": "https://www.natercia.mg.leg.br/transparencia/ouvidoria-1/arquivos-nao-publicados/ouvidoria/20250904011526"
        }, 
        {
            "area": "controle-interno-e-ouvidoria", 
            "captcha": "", 
            "cpf": "49563076672", 
            "creation_date": "2025-10-08T19:27:37-03:00", 
            "description": "Exmo. Senhor \r\nSaulo R\u00e9gis de Vilas B\u00f4as\r\nPresidente da C\u00e2mara de Vereadores de Nat\u00e9rcia. \r\n\r\nExcelent\u00edssimo Senhor Presidente, \r\n\r\n        Ao cumpriment\u00e1-lo cordialmente, gostaria de propor que as C\u00e2maras Municipais de Nat\u00e9rcia e S\u00e3o Sebasti\u00e3o da Bela Vista realizem um debate sobre a possibilidade de se criar um trem tur\u00edstico. Ademais, solicito que pe\u00e7am \u00e0 Secretaria de Estado de Infraestrutura e Mobilidade (SEINFRA) que conduza uma an\u00e1lise sobre a viabilidade dessa proposta entre os dois munic\u00edpios.\r\n\r\nJustificativas:\r\nPreserva\u00e7\u00e3o do Patrim\u00f4nio: \r\n\u201cO trem tur\u00edstico servir\u00e1 como um instrumento para preservar e manter viva a hist\u00f3ria das ferrovias, que constituem um relevante patrim\u00f4nio cultural e material do pa\u00eds.\u201d\r\n\r\nExperi\u00eancia Cultural: \r\n \u201cViajar de trem, especialmente um a vapor, oferecer\u00e1 aos turistas uma experi\u00eancia singular, permitindo que experimentem um pouco do cotidiano e da emo\u00e7\u00e3o do passado, al\u00e9m de aprenderem sobre a hist\u00f3ria e as paisagens locais.\u201d\r\n\r\nDesenvolvimento Econ\u00f4mico e Tur\u00edstico: \r\n \u201cA implanta\u00e7\u00e3o do trem tur\u00edstico ter\u00e1 o potencial de impulsionar a economia local, atraindo visitantes e criando novas oportunidades de neg\u00f3cios e empregos, al\u00e9m de fomentar um turismo mais respons\u00e1vel e sustent\u00e1vel.\u201d\r\n\r\nEduca\u00e7\u00e3o e Conscientiza\u00e7\u00e3o: \r\n \u201cO passeio poder\u00e1 incluir atividades educativas e recreativas, como demonstra\u00e7\u00f5es do funcionamento de locomotivas a vapor, informa\u00e7\u00f5es sobre a hist\u00f3ria da ferrovia e conscientiza\u00e7\u00e3o sobre a import\u00e2ncia da preserva\u00e7\u00e3o ambiental.\u201d\r\n\r\nAtrativo Diferenciado: \r\n\u201cO passeio de trem proporcionar\u00e1 uma maneira segura, exclusiva e com vistas privilegiadas para apreciar a paisagem, destacando-se em compara\u00e7\u00e3o com outros meios de transporte.\u201d\r\n\r\nAgrade\u00e7o a aten\u00e7\u00e3o e me coloco \u00e0 disposi\u00e7\u00e3o para maiores esclarecimentos.\r\n\r\nAtenciosamente,\r\n\r\nJuares Dias Monteiro", 
            "kind": "sugestao", 
            "modification_date": "2025-10-23T13:44:38-02:00", 
            "responses": [
                {
                    "creator": "nat", 
                    "date": "2025-10-23T13:44:38.859136", 
                    "id": 1, 
                    "review_state": "Resolved", 
                    "text": "Caro(a) Sr.(a) Juares Dias Monteiro\r\n\r\nSegue em anexo a resposta do seu pedido/solicita\u00e7\u00e3o com os seguintes dados:\r\n\r\nT\u00edtulo: CRIA\u00c7\u00c3O DE UM TREM TUR\u00cdSTICO\r\n\r\nN\u00famero do protocolo: 20251008192737\r\n\r\nAtenciosamente,\r\n\r\nOuvidoria da C\u00e2mara Municipal de Nat\u00e9rcia - MG."
                }
            ], 
            "review_state": "resolved", 
            "rg": "MG 2 962419", 
            "title": "CRIA\u00c7\u00c3O DE UM TREM TUR\u00cdSTICO", 
            "uri": "https://www.natercia.mg.leg.br/transparencia/ouvidoria-1/arquivos-nao-publicados/ouvidoria/20251008192737"
        }, 
        {
            "area": "controle-interno-e-ouvidoria", 
            "captcha": "", 
            "cpf": "495.630.766-72", 
            "creation_date": "2025-12-18T14:38:49-02:00", 
            "description": "Exmo. Senhor .\r\nSaulo R\u00e9gis de Vilas Boas\r\nPresidente da C\u00e2mara de Vereadores de Nat\u00e9rcia. \r\n\r\nExcelent\u00edssimo Senhor Presidente, \r\n\r\n           Por meio deste documento, venho de forma cordial solicitar que seja encaminhada uma sugest\u00e3o ao Poder Executivo Municipal visando a institui\u00e7\u00e3o do \u201cDia Municipal da Cultura Flashback\u201d em Nat\u00e9rcia.   \r\n\r\nJUSTIFICATIVAS:\r\nResgate e Preserva\u00e7\u00e3o da Mem\u00f3ria Coletiva: A data tem como finalidade valorizar e celebrar as manifesta\u00e7\u00f5es culturais, musicais e art\u00edsticas das d\u00e9cadas passadas (como as de 60, 70, 80 e 90), que influenciaram as gera\u00e7\u00f5es e permanecem na mem\u00f3ria do povo.\r\n\r\nFortalecimento da Identidade Cultural e Lazer: A cultura flashback n\u00e3o se limita \u00e0 m\u00fasica; abrange dan\u00e7a, moda, colecionismo e intera\u00e7\u00e3o social. Definir um dia oficial incentivar\u00e1 a realiza\u00e7\u00e3o de eventos tem\u00e1ticos acess\u00edveis, oferecendo lazer e entretenimento de qualidade para todas as idades. Isso fortalecer\u00e1 o senso de pertencimento e a identidade cultural da regi\u00e3o.\r\n\r\nPromo\u00e7\u00e3o do Di\u00e1logo Intergeracional: Eventos de flashback oferecem um ambiente de encontro para que diferentes gera\u00e7\u00f5es possam compartilhar experi\u00eancias e hist\u00f3rias, unindo jovens, adultos e idosos em torno de interesses comuns e mem\u00f3rias afetivas.\r\n\r\nFomento ao Turismo e Economia Local: A inclus\u00e3o do evento no calend\u00e1rio oficial da cidade poder\u00e1 atrair visitantes de cidades vizinhas e at\u00e9 de outras \u00e1reas interessadas na cultura flashback. Isso estimular\u00e1 a economia local, beneficiando o com\u00e9rcio e o setor de servi\u00e7os, incluindo hot\u00e9is e restaurantes, al\u00e9m de proporcionar ganhos para artistas e profissionais envolvidos, como DJs, dan\u00e7arinos e organizadores de eventos.\r\n\r\nOcupa\u00e7\u00e3o de Espa\u00e7os P\u00fablicos: A celebra\u00e7\u00e3o do dia incentivar\u00e1 a utiliza\u00e7\u00e3o de pra\u00e7as e parques para atividades culturais e art\u00edsticas, promovendo a integra\u00e7\u00e3o comunit\u00e1ria e o bem-estar social. \r\n\r\nAgrade\u00e7o pela aten\u00e7\u00e3o e estou \u00e0 disposi\u00e7\u00e3o para fornecer mais informa\u00e7\u00f5es, caso seja necess\u00e1rio.\r\n\r\nAtenciosamente,\r\n\r\n\r\nJuares Dias Monteiro", 
            "kind": "sugestao", 
            "modification_date": "2026-01-06T14:27:52-02:00", 
            "responses": [
                {
                    "creator": "nat", 
                    "date": "2026-01-06T14:27:52.224538", 
                    "id": 1, 
                    "review_state": "Resolved", 
                    "text": "Caro(a) Sr.(a) Juares Dias Monteiro\r\n\r\nSegue em anexo a resposta do seu pedido/solicita\u00e7\u00e3o com os seguintes dados:\r\n\r\nT\u00edtulo: \u201cDia Municipal da Cultura Flashback\u201d\r\nN\u00famero do protocolo: 20251218143849\r\n\r\nAtenciosamente,\r\nOuvidoria da C\u00e2mara Municipal de Nat\u00e9rcia - MG.\r\n"
                }
            ], 
            "review_state": "resolved", 
            "rg": "MG 2 962419", 
            "title": "\u201cDia Municipal da Cultura Flashback\u201d", 
            "uri": "https://www.natercia.mg.leg.br/transparencia/ouvidoria-1/arquivos-nao-publicados/ouvidoria/20251218143849"
        }, 
        {
            "area": "controle-interno-e-ouvidoria", 
            "captcha": "", 
            "cpf": "49563076672", 
            "creation_date": "2026-02-18T12:40:52-02:00", 
            "description": "\u00c0 Ouvidoria da C\u00e2mara Municipal de Nat\u00e9rcia\r\n\r\nAssunto: Solicita\u00e7\u00e3o de Informa\u00e7\u00e3o sobre Andamento de Protocolo de Sugest\u00e3o.\r\n\r\nEu, JUARES DIAS MONTEIRO, brasileiro, portador do RG n\u00ba MG 2 962419  e CPF n\u00ba 495.630.766-72, residente e domiciliado em Pouso Alegre, venho, de maneira respeitosa, solicitar informa\u00e7\u00f5es a respeito do seguinte protocolo:\r\n\r\nN\u00famero do Protocolo: 20251218143849\r\n\r\nData do Protocolo: 18/12/2025\r\n\r\nAssunto da Sugest\u00e3o: \u201cDia Municipal da Cultura Flashback\u201d\r\n\r\nSolicito saber:\r\n\r\n1.\tA presente sugest\u00e3o j\u00e1 foi recebida e encaminhada \u00e0 comiss\u00e3o competente ou vereador relator?\r\n2.\tQual \u00e9 a atual situa\u00e7\u00e3o da tramita\u00e7\u00e3o (est\u00e1 em an\u00e1lise, foi arquivada, foi transformada em projeto de lei)?\r\n3.\tQuais os pr\u00f3ximos passos previstos para a an\u00e1lise desta proposta?\r\n\r\nSolicito que a resposta seja enviada para o e-mail: juaresdias2007@yahoo.com.br\r\n\r\nAtenciosamente,\r\n\r\nJuares Dias Monteiro", 
            "kind": "solicitacao", 
            "modification_date": "2026-02-20T16:42:53-02:00", 
            "responses": [
                {
                    "creator": "nat", 
                    "date": "2026-02-20T16:42:53.177071", 
                    "id": 1, 
                    "review_state": "Resolved", 
                    "text": "Caro(a) Sr.(a) Juares Dias Monteiro\r\n\r\nSegue em anexo a resposta do seu pedido/solicita\u00e7\u00e3o com os seguintes dados:\r\nT\u00edtulo: Solicita\u00e7\u00e3o de Informa\u00e7\u00e3o sobre Andamento de Protocolo de Sugest\u00e3o.\r\nN\u00famero do protocolo: 20260218124052\r\n\r\nAtenciosamente,\r\nOuvidoria da C\u00e2mara Municipal de Nat\u00e9rcia - MG.\r\n\r\n"
                }
            ], 
            "review_state": "resolved", 
            "rg": "MG 2 962419", 
            "title": "Solicita\u00e7\u00e3o de Informa\u00e7\u00e3o sobre Andamento de Protocolo de Sugest\u00e3o.", 
            "uri": "https://www.natercia.mg.leg.br/transparencia/ouvidoria-1/ouvidoria/20260218124052"
        }, 
        {
            "area": "controle-interno-e-ouvidoria", 
            "captcha": "", 
            "cpf": "49563076672", 
            "creation_date": "2026-03-03T10:06:58-03:00", 
            "description": "Exmo. Senhor .\r\nSaulo R\u00e9gis de Vilas Boas\r\nPresidente da C\u00e2mara de Vereadores de Nat\u00e9rcia. \r\n\r\nExcelent\u00edssimo Senhor Presidente, \r\n\r\n           Por meio deste documento, venho de forma cordial solicitar que seja encaminhada uma sugest\u00e3o ao Poder Executivo Municipal para avaliar a viabilidade  de construir um MERCADO MUNICIPAL  em Nat\u00e9rcia.   \r\n\r\nJustificativas:\r\nRefor\u00e7o da economia local:\r\nUm mercado municipal atrai tanto moradores quanto visitantes, fomentando a venda de produtos frescos, artesanato e outras mercadorias locais, o que gera renda e empregos.\r\n\r\nFomento ao turismo:\r\nOs mercados municipais costumam ser pontos tur\u00edsticos, atraindo visitantes que desejam explorar a cultura e a gastronomia local. Isso pode elevar a visibilidade da cidade e gerar receitas extras. \r\n\r\nAprecia\u00e7\u00e3o da cultura e da culin\u00e1ria:\r\nO mercado pode transformar-se em um local para a exibi\u00e7\u00e3o e venda de produtos regionais, contribuindo para a preserva\u00e7\u00e3o e promo\u00e7\u00e3o da identidade cultural local.\r\n\r\n\u00c1rea de conviv\u00eancia e lazer:\r\nAl\u00e9m das atividades comerciais, o mercado pode disponibilizar pra\u00e7as de alimenta\u00e7\u00e3o, eventos culturais e \u00e1reas de conviv\u00eancia, proporcionando um ambiente agrad\u00e1vel para moradores e visitantes. \r\n\r\nIncentivo \u00e0 agricultura familiar:\r\nO mercado pode ser um canal significativo para a venda de produtos da agricultura familiar, promovendo a produ\u00e7\u00e3o local e assegurando alimentos frescos e saud\u00e1veis.\r\n\r\nRevitaliza\u00e7\u00e3o da cidade:\r\nA constru\u00e7\u00e3o de um mercado municipal tem o potencial de revitalizar uma parte da cidade, atraindo investimentos e elevando a qualidade de vida na \u00e1rea.\r\n\r\nAgrade\u00e7o a aten\u00e7\u00e3o e me coloco \u00e0 disposi\u00e7\u00e3o para maiores esclarecimentos.\r\n\r\nAtenciosamente,\r\n\r\nJuares Dias Monteiro", 
            "kind": "sugestao", 
            "modification_date": "2026-03-18T14:04:33-03:00", 
            "responses": [
                {
                    "creator": "nat", 
                    "date": "2026-03-04T15:43:50.847297", 
                    "id": 1, 
                    "review_state": "Moving", 
                    "text": "Caro(a) Sr.(a) Juares Dias Monteiro\r\n\r\nSegue em anexo a resposta do seu pedido/solicita\u00e7\u00e3o com os seguintes dados:\r\n\r\nT\u00edtulo: Constru\u00e7\u00e3o de Mercado Municipal\r\nN\u00famero do protocolo: 20260303100658\r\n\r\nAtenciosamente,\r\n\r\nOuvidoria da C\u00e2mara Municipal de Nat\u00e9rcia - MG.\r\n"
                }, 
                {
                    "creator": "nat", 
                    "date": "2026-03-18T14:03:05.491329", 
                    "id": 2, 
                    "review_state": "Resolved", 
                    "text": "Caro(a) Sr.(a) Juares Dias Monteiro\r\n\r\nSegue em anexo a resposta do seu pedido/solicita\u00e7\u00e3o com os seguintes dados:\r\n\r\nT\u00edtulo: Constru\u00e7\u00e3o de Mercado Municipal\r\nN\u00famero do protocolo: 20260303100658\r\n\r\nAtenciosamente,\r\n\r\nOuvidoria da C\u00e2mara Municipal de Nat\u00e9rcia - MG"
                }
            ], 
            "review_state": "resolved", 
            "rg": "MG2 962419", 
            "title": "Constru\u00e7\u00e3o de Mercado Municipal", 
            "uri": "https://www.natercia.mg.leg.br/transparencia/ouvidoria-1/ouvidoria/20260303100658"
        }
    ], 
    "ombudsoffices": [
        {
            "areas": [
                {
                    "area": "Administrativo e Compras", 
                    "email": "camara@natercia.mg.leg.br", 
                    "responsible": "Adriana de C\u00e1sia Alves dos Santos"
                }, 
                {
                    "area": "Assessoria Legislativa e Jur\u00eddica", 
                    "email": "camara@natercia.mg.leg.br", 
                    "responsible": "Wilson Roberto da Silva"
                }, 
                {
                    "area": "Contabilidade, Finan\u00e7as e Recursos Humanos", 
                    "email": "camara@natercia.mg.leg.br", 
                    "responsible": "Moacir Ferreira Boreli"
                }, 
                {
                    "area": "Controle Interno e Ouvidoria", 
                    "email": "ci.cmnatercia@hotmail.com", 
                    "responsible": "Ana Fl\u00e1via Silva de Vilas B\u00f4as"
                }, 
                {
                    "area": "Plen\u00e1rio", 
                    "email": "plenario@natercia.mg.leg.br", 
                    "responsible": "Adriana de C\u00e1sia Alves dos Santos"
                }
            ], 
            "claim_types": [
                {
                    "claim_type": "Pedido de Acesso \u00e0 Informa\u00e7\u00e3o"
                }
            ], 
            "description": "Sistema Eletr\u00f4nico de Informa\u00e7\u00f5es ao Cidad\u00e3o (e-SIC) que viabiliza pedidos de acesso \u00e0 informa\u00e7\u00f5es p\u00fablicas.", 
            "display_claims": false, 
            "email_template": "<p>Caro(a) Sr.(a)\u00a0{name}</p>\r\n<p>Informamos que recebemos o seu pedido/solicita\u00e7\u00e3o com os seguintes dados:<br /><br />T\u00edtulo:\u00a0{title}</p>\r\n<p>N\u00famero do protocolo:\u00a0{protocol}</p>\r\n<p>Estamos tomando provid\u00eancias para o pronto atendimento do seu pedido/solicita\u00e7\u00e3o. Para tanto, solicitamos aguardar retorno.</p>\r\n<p>Para acompanhar a sua solicita\u00e7\u00e3o, digite o seguinte endere\u00e7o:\u00a0{url}<br /><br />Atenciosamente,<br /><br />C\u00e2mara Municipal de Nat\u00e9rcia - MG.</p>", 
            "email_template_states": "<p>Caro(a) Sr.(a)\u00a0{name}</p>\r\n<p>Informamos que o seu pedido/solicita\u00e7\u00e3o encontra-se na seguinte situa\u00e7\u00e3o:\u00a0{status}</p>\r\n<p>Para acompanhar a sua solicita\u00e7\u00e3o, digite o seguinte endere\u00e7o:\u00a0{url}</p>\r\n<p>Atenciosamente,<br /><br />C\u00e2mara Municipal de Nat\u00e9rcia - MG.</p>", 
            "managers": [], 
            "title": "e-Sic", 
            "uri": "https://www.natercia.mg.leg.br/transparencia/lai/copy_of_ouvidoria"
        }, 
        {
            "areas": [
                {
                    "area": "Administrativo e Compras", 
                    "email": "camara@natercia.mg.leg.br", 
                    "responsible": "Adriana de C\u00e1sia Alves dos Santos"
                }, 
                {
                    "area": "Assessoria Legislativa e Jur\u00eddica", 
                    "email": "camara@natercia.mg.leg.br", 
                    "responsible": "Wilson Roberto da Silva"
                }, 
                {
                    "area": "Contabilidade, Finan\u00e7as e Recursos Humanos", 
                    "email": "camara@natercia.mg.leg.br", 
                    "responsible": "Moacir Ferreira Boreli"
                }, 
                {
                    "area": "Controle Interno e Ouvidoria", 
                    "email": "ci.cmnatercia@hotmail.com", 
                    "responsible": "Ana Fl\u00e1via Silva de Vilas B\u00f4as"
                }, 
                {
                    "area": "Plen\u00e1rio", 
                    "email": "plenario@natercia.mg.leg.br", 
                    "responsible": "Adriana de C\u00e1sia Alves dos Santos"
                }
            ], 
            "claim_types": [
                {
                    "claim_type": "Den\u00fancia"
                }, 
                {
                    "claim_type": "Elogio"
                }, 
                {
                    "claim_type": "Solicita\u00e7\u00e3o"
                }, 
                {
                    "claim_type": "Sugest\u00e3o"
                }, 
                {
                    "claim_type": "Reclama\u00e7\u00e3o"
                }
            ], 
            "description": "A Ouvidoria recebe as manifesta\u00e7\u00f5es dos cidad\u00e3os e encaminha \u00e0s \u00e1reas respons\u00e1veis do caso.", 
            "display_claims": false, 
            "email_template": "<p style=\"text-align: justify; \">Caro(a) Sr.(a)\u00a0<span>{name}</span></p>\r\n<p style=\"text-align: justify; \"><span>Informamos que recebemos o seu pedido/solicita\u00e7\u00e3o com os seguintes dados:<br /><br />T\u00edtulo:\u00a0<span>{title}</span></span></p>\r\n<p style=\"text-align: justify; \"><span><span>N\u00famero do protocolo:\u00a0<span>{protocol}</span></span></span></p>\r\n<p style=\"text-align: justify; \"><span><span>Estamos tomando provid\u00eancias para o pronto atendimento do seu pedido/solicita\u00e7\u00e3o. Para tanto, solicitamos aguardar retorno.</span></span></p>\r\n<p style=\"text-align: justify; \"><span><span>Para acompanhar a sua solicita\u00e7\u00e3o, digite o seguinte endere\u00e7o:\u00a0<span>{url}<br /><br />Atenciosamente,<br /><br />Ouvidoria da C\u00e2mara Municipal de Nat\u00e9rcia - MG.</span></span></span></p>", 
            "email_template_states": "<p><span>Caro(a) Sr.(a)\u00a0</span><span>{name}</span></p>\r\n<p><span></span>Informamos que o seu pedido/solicita\u00e7\u00e3o encontra-se na seguinte situa\u00e7\u00e3o:\u00a0<span>{status}</span></p>\r\n<p><span>Para acompanhar a sua solicita\u00e7\u00e3o, digite o seguinte endere\u00e7o:\u00a0</span><span>{url}</span></p>\r\n<p><span>Atenciosamente,</span><br /><br /><span>Ouvidoria da C\u00e2mara Municipal de Nat\u00e9rcia - MG.</span></p>", 
            "managers": [], 
            "title": "Ouvidoria", 
            "uri": "https://www.natercia.mg.leg.br/transparencia/ouvidoria-1/ouvidoria"
        }
    ]
}